{"id":933,"date":"2010-02-15T13:29:41","date_gmt":"2010-02-15T12:29:41","guid":{"rendered":"http:\/\/susannealbers.de\/blog\/?p=933"},"modified":"2010-02-15T13:29:41","modified_gmt":"2010-02-15T12:29:41","slug":"der-null-meridian-in-greenwich","status":"publish","type":"post","link":"https:\/\/susannealbers.de\/blog\/2010\/02\/15\/der-null-meridian-in-greenwich\/","title":{"rendered":"Der Null Meridian in Greenwich"},"content":{"rendered":"<p><a href=\"https:\/\/susannealbers.de\/blog\/wp-content\/uploads\/2010\/02\/greenwich02.jpg\"><img loading=\"lazy\" decoding=\"async\" src=\"https:\/\/susannealbers.de\/blog\/wp-content\/uploads\/2010\/02\/greenwich02.jpg\" alt=\"greenwich02\" title=\"greenwich02\" width=\"248\" height=\"305\" class=\"aligncenter size-full wp-image-918\" srcset=\"https:\/\/susannealbers.de\/blog\/wp-content\/uploads\/2010\/02\/greenwich02.jpg 248w, https:\/\/susannealbers.de\/blog\/wp-content\/uploads\/2010\/02\/greenwich02-243x300.jpg 243w\" sizes=\"auto, (max-width: 248px) 100vw, 248px\" \/><\/a><\/p>\n<p>Diese zwei Bilder habe ich 1992 w\u00e4hrend eines London Aufenthaltes gemacht. Wie man sieht, fand ich vor 18 Jahren Cowboystiefel noch richtig toll *grins* das hat sich bis heute ge\u00e4ndert. Links von meinem Fu\u00df ist Westen und rechts von meinem Fu\u00df ist Osten. Analog zu Leonardos Spruch (wer wenig denkt, irrt sich oft) stellt sich hier die Frage, was den Unterschied zwischen West und Ost ausmacht. Eigentlich bin ich Wessi, aber was war ich in dem Moment, als ich dieses Photo machte? *gr\u00fcbel* <\/p>\n<p><a href=\"https:\/\/susannealbers.de\/blog\/wp-content\/uploads\/2010\/02\/greenwich2.jpg\"><img loading=\"lazy\" decoding=\"async\" src=\"https:\/\/susannealbers.de\/blog\/wp-content\/uploads\/2010\/02\/greenwich2.jpg\" alt=\"greenwich2\" title=\"greenwich2\" width=\"219\" height=\"280\" class=\"aligncenter size-full wp-image-919\" \/><\/a><\/p>\n","protected":false},"excerpt":{"rendered":"<p>Diese zwei Bilder habe ich 1992 w\u00e4hrend eines London Aufenthaltes gemacht. Wie man sieht, fand ich vor 18 Jahren Cowboystiefel noch richtig toll *grins* das hat sich bis heute ge\u00e4ndert. Links von meinem Fu\u00df ist Westen und rechts von meinem Fu\u00df ist Osten. Analog zu Leonardos Spruch (wer wenig denkt, irrt sich oft) stellt sich &hellip; <\/p>\n<p class=\"link-more\"><a href=\"https:\/\/susannealbers.de\/blog\/2010\/02\/15\/der-null-meridian-in-greenwich\/\" class=\"more-link\">Continue reading<span class=\"screen-reader-text\"> &#8220;Der Null Meridian in Greenwich&#8221;<\/span><\/a><\/p>\n","protected":false},"author":1,"featured_media":0,"comment_status":"open","ping_status":"open","sticky":false,"template":"","format":"standard","meta":{"footnotes":""},"categories":[1],"tags":[1010,1003,1009,1008,1002,1006,1004,1007,1005],"class_list":["post-933","post","type-post","status-publish","format-standard","hentry","category-allgemein","tag-cowboy-stiefel","tag-greenwich","tag-leonardo-da-vinci","tag-london","tag-null-meridian","tag-ossi","tag-ost","tag-wessi","tag-west"],"_links":{"self":[{"href":"https:\/\/susannealbers.de\/blog\/wp-json\/wp\/v2\/posts\/933","targetHints":{"allow":["GET"]}}],"collection":[{"href":"https:\/\/susannealbers.de\/blog\/wp-json\/wp\/v2\/posts"}],"about":[{"href":"https:\/\/susannealbers.de\/blog\/wp-json\/wp\/v2\/types\/post"}],"author":[{"embeddable":true,"href":"https:\/\/susannealbers.de\/blog\/wp-json\/wp\/v2\/users\/1"}],"replies":[{"embeddable":true,"href":"https:\/\/susannealbers.de\/blog\/wp-json\/wp\/v2\/comments?post=933"}],"version-history":[{"count":3,"href":"https:\/\/susannealbers.de\/blog\/wp-json\/wp\/v2\/posts\/933\/revisions"}],"predecessor-version":[{"id":936,"href":"https:\/\/susannealbers.de\/blog\/wp-json\/wp\/v2\/posts\/933\/revisions\/936"}],"wp:attachment":[{"href":"https:\/\/susannealbers.de\/blog\/wp-json\/wp\/v2\/media?parent=933"}],"wp:term":[{"taxonomy":"category","embeddable":true,"href":"https:\/\/susannealbers.de\/blog\/wp-json\/wp\/v2\/categories?post=933"},{"taxonomy":"post_tag","embeddable":true,"href":"https:\/\/susannealbers.de\/blog\/wp-json\/wp\/v2\/tags?post=933"}],"curies":[{"name":"wp","href":"https:\/\/api.w.org\/{rel}","templated":true}]}}