{"id":618,"date":"2010-02-09T05:28:39","date_gmt":"2010-02-09T04:28:39","guid":{"rendered":"http:\/\/susannealbers.de\/blog\/?p=618"},"modified":"2010-02-09T05:28:39","modified_gmt":"2010-02-09T04:28:39","slug":"sonntagsfrage","status":"publish","type":"post","link":"https:\/\/susannealbers.de\/blog\/2010\/02\/09\/sonntagsfrage\/","title":{"rendered":"Sonntagsfrage"},"content":{"rendered":"<p><a href=\"https:\/\/susannealbers.de\/blog\/wp-content\/uploads\/2010\/02\/dom324.jpg\"><img loading=\"lazy\" decoding=\"async\" src=\"https:\/\/susannealbers.de\/blog\/wp-content\/uploads\/2010\/02\/dom324.jpg\" alt=\"dom324\" title=\"dom324\" width=\"100\" height=\"133\" class=\"aligncenter size-full wp-image-617\" \/><\/a><\/p>\n<p>Die Sonntagsfrage:<\/p>\n<p>Wenn Du am n\u00e4chsten Sonntag Vormittag die Wahl h\u00e4ttest, wie w\u00fcrdest Du den Tag beginnen?<\/p>\n<p><a href=\"http:\/\/www.susannealbers.de\/music\/indeinemhaus.mp3\">Manfred Siebald &#8211; In deinem Haus<\/a><\/p>\n<p><a target=\"_blank\" href=\"http:\/\/www.siebald.org\">Manfred Siebald Homepage<\/a><\/p>\n","protected":false},"excerpt":{"rendered":"<p>Die Sonntagsfrage: Wenn Du am n\u00e4chsten Sonntag Vormittag die Wahl h\u00e4ttest, wie w\u00fcrdest Du den Tag beginnen? Manfred Siebald &#8211; In deinem Haus Manfred Siebald Homepage<\/p>\n","protected":false},"author":1,"featured_media":0,"comment_status":"open","ping_status":"open","sticky":false,"template":"","format":"standard","meta":{"footnotes":""},"categories":[1],"tags":[147,751,752,236,753,650,649,754],"class_list":["post-618","post","type-post","status-publish","format-standard","hentry","category-allgemein","tag-gott","tag-gottesdienst","tag-in-deinem-haus","tag-jesus-von-nazareth","tag-manfred","tag-manfred-siebald","tag-siebald","tag-sonntagsfrage"],"_links":{"self":[{"href":"https:\/\/susannealbers.de\/blog\/wp-json\/wp\/v2\/posts\/618","targetHints":{"allow":["GET"]}}],"collection":[{"href":"https:\/\/susannealbers.de\/blog\/wp-json\/wp\/v2\/posts"}],"about":[{"href":"https:\/\/susannealbers.de\/blog\/wp-json\/wp\/v2\/types\/post"}],"author":[{"embeddable":true,"href":"https:\/\/susannealbers.de\/blog\/wp-json\/wp\/v2\/users\/1"}],"replies":[{"embeddable":true,"href":"https:\/\/susannealbers.de\/blog\/wp-json\/wp\/v2\/comments?post=618"}],"version-history":[{"count":2,"href":"https:\/\/susannealbers.de\/blog\/wp-json\/wp\/v2\/posts\/618\/revisions"}],"predecessor-version":[{"id":620,"href":"https:\/\/susannealbers.de\/blog\/wp-json\/wp\/v2\/posts\/618\/revisions\/620"}],"wp:attachment":[{"href":"https:\/\/susannealbers.de\/blog\/wp-json\/wp\/v2\/media?parent=618"}],"wp:term":[{"taxonomy":"category","embeddable":true,"href":"https:\/\/susannealbers.de\/blog\/wp-json\/wp\/v2\/categories?post=618"},{"taxonomy":"post_tag","embeddable":true,"href":"https:\/\/susannealbers.de\/blog\/wp-json\/wp\/v2\/tags?post=618"}],"curies":[{"name":"wp","href":"https:\/\/api.w.org\/{rel}","templated":true}]}}