{"id":5589,"date":"2023-06-25T09:44:30","date_gmt":"2023-06-25T07:44:30","guid":{"rendered":"https:\/\/susannealbers.de\/blog\/?p=5589"},"modified":"2023-06-25T09:44:30","modified_gmt":"2023-06-25T07:44:30","slug":"gespraech-zwischen-origenes-und-platon","status":"publish","type":"post","link":"https:\/\/susannealbers.de\/blog\/2023\/06\/25\/gespraech-zwischen-origenes-und-platon\/","title":{"rendered":"Gespr\u00e4ch zwischen Origenes und Platon"},"content":{"rendered":"\n<figure class=\"wp-block-embed is-type-video is-provider-youtube wp-block-embed-youtube wp-embed-aspect-16-9 wp-has-aspect-ratio\"><div class=\"wp-block-embed__wrapper\">\nhttps:\/\/www.youtube.com\/watch?v=pDR4t_J6Eyk\n<\/div><\/figure>\n\n\n\n<p>Origenes hat die Gelegenheit, Platon zu interviewen. Er fragt Platon L\u00f6cher in den Bauch. Susanne und ChatGPT haben sich ein fiktives Gespr\u00e4ch \u00fcber das H\u00f6hlengleichnis und die G\u00f6ttlichkeit des Menschen \u00fcberlegt. \u00a92023 Susanne Albers &#8211; <a rel=\"noreferrer noopener\" href=\"https:\/\/www.youtube.com\/redirect?event=video_description&amp;redir_token=QUFFLUhqbGt6Ri1KWExhUzd4eHB5SC00TXNBbTJrTTJHUXxBQ3Jtc0ttcVhlZWVUakFHNlBiNjN2M1JNMDVaWEgyV1VneWNhTnFSOWwtQ0hLUjVlTmZQZUhqM1ZBend4Yjd5b256cUllU0gtM2tQR2QzY3dmMU1pa2pGY3h1VlBnQ0kzX2k5Q1BYRzhMSU0ydHV5RnBYeHFiYw&amp;q=https%3A%2F%2Fwww.susannealbers.de%2F&amp;v=pDR4t_J6Eyk\" target=\"_blank\">https:\/\/www.susannealbers.de<\/a> Platon (altgriechisch \u03a0\u03bb\u03ac\u03c4\u03c9\u03bd Pl\u00e1t\u014dn, latinisiert Plato; * 428\/427 v. Chr. in Athen oder Aigina; \u2020 348\/347 v. Chr. in Athen) war ein antiker griechischer Philosoph. Origenes (* 185 in Alexandria; \u2020 253 oder 254 wahrscheinlich in Tyros) war ein christlicher Gelehrter und Theologe.<\/p>\n","protected":false},"excerpt":{"rendered":"<p>Origenes hat die Gelegenheit, Platon zu interviewen. Er fragt Platon L\u00f6cher in den Bauch. Susanne und ChatGPT haben sich ein fiktives Gespr\u00e4ch \u00fcber das H\u00f6hlengleichnis und die G\u00f6ttlichkeit des Menschen \u00fcberlegt. \u00a92023 Susanne Albers &#8211; https:\/\/www.susannealbers.de Platon (altgriechisch \u03a0\u03bb\u03ac\u03c4\u03c9\u03bd Pl\u00e1t\u014dn, latinisiert Plato; * 428\/427 v. Chr. in Athen oder Aigina; \u2020 348\/347 v. Chr. in &hellip; <\/p>\n<p class=\"link-more\"><a href=\"https:\/\/susannealbers.de\/blog\/2023\/06\/25\/gespraech-zwischen-origenes-und-platon\/\" class=\"more-link\">Continue reading<span class=\"screen-reader-text\"> &#8220;Gespr\u00e4ch zwischen Origenes und Platon&#8221;<\/span><\/a><\/p>\n","protected":false},"author":1,"featured_media":0,"comment_status":"open","ping_status":"open","sticky":false,"template":"","format":"standard","meta":{"footnotes":""},"categories":[1],"tags":[3553,3665,3664,3633,625,554],"class_list":["post-5589","post","type-post","status-publish","format-standard","hentry","category-allgemein","tag-chatgpt","tag-fiktiv","tag-gespraech","tag-origenes","tag-platon","tag-susanne"],"_links":{"self":[{"href":"https:\/\/susannealbers.de\/blog\/wp-json\/wp\/v2\/posts\/5589","targetHints":{"allow":["GET"]}}],"collection":[{"href":"https:\/\/susannealbers.de\/blog\/wp-json\/wp\/v2\/posts"}],"about":[{"href":"https:\/\/susannealbers.de\/blog\/wp-json\/wp\/v2\/types\/post"}],"author":[{"embeddable":true,"href":"https:\/\/susannealbers.de\/blog\/wp-json\/wp\/v2\/users\/1"}],"replies":[{"embeddable":true,"href":"https:\/\/susannealbers.de\/blog\/wp-json\/wp\/v2\/comments?post=5589"}],"version-history":[{"count":1,"href":"https:\/\/susannealbers.de\/blog\/wp-json\/wp\/v2\/posts\/5589\/revisions"}],"predecessor-version":[{"id":5590,"href":"https:\/\/susannealbers.de\/blog\/wp-json\/wp\/v2\/posts\/5589\/revisions\/5590"}],"wp:attachment":[{"href":"https:\/\/susannealbers.de\/blog\/wp-json\/wp\/v2\/media?parent=5589"}],"wp:term":[{"taxonomy":"category","embeddable":true,"href":"https:\/\/susannealbers.de\/blog\/wp-json\/wp\/v2\/categories?post=5589"},{"taxonomy":"post_tag","embeddable":true,"href":"https:\/\/susannealbers.de\/blog\/wp-json\/wp\/v2\/tags?post=5589"}],"curies":[{"name":"wp","href":"https:\/\/api.w.org\/{rel}","templated":true}]}}