{"id":5517,"date":"2023-06-22T05:25:02","date_gmt":"2023-06-22T03:25:02","guid":{"rendered":"https:\/\/susannealbers.de\/blog\/?p=5517"},"modified":"2023-06-25T09:11:50","modified_gmt":"2023-06-25T07:11:50","slug":"jean-paul-aphorismen-fatpack-55-minuten","status":"publish","type":"post","link":"https:\/\/susannealbers.de\/blog\/2023\/06\/22\/jean-paul-aphorismen-fatpack-55-minuten\/","title":{"rendered":"Jean Paul Aphorismen &#8220;Fatpack&#8221; 55 Minuten"},"content":{"rendered":"\n<figure class=\"wp-block-embed is-type-video is-provider-youtube wp-block-embed-youtube wp-embed-aspect-16-9 wp-has-aspect-ratio\"><div class=\"wp-block-embed__wrapper\">\nhttps:\/\/www.youtube.com\/watch?v=P5On-xCoh7k\n<\/div><\/figure>\n\n\n\n<p>Jean Paul &#8211; Bemerkungen \u00fcber uns n\u00e4rrische Menschen \u200b Jean Paul, eigtl. Johann Paul Richter (*21.3.1763 Wunsiedel, +14.11.1825 Bayreuth). Deutscher Dichter, Sohn eines Pfarrers. Materielle Not zwang ihn nach dem Tod seines Vaters zur Aufgabe des Theologie- und Philosophiestudiums. Er wurde Hauslehrer und gr\u00fcndete die Elementarschule in Schwarzenbach, die er bis 1794 leitete. Als freier Schriftsteller, der geistig weder der Klassik, noch der Romantik zugeordnet werden kann, wurde er bald zum meistgelesenen Autor seiner Zeit, und geistigen Repr\u00e4sentanten einer eigenst\u00e4ndigen Kultur, die sich in vielen Bereichen gegen den Zeitgeist stellte. Bald wurde er auch international anerkannt und erhielt zahlreiche Auszeichnungen. \u00dcber Kontakte zu Charlotte von Kalb kam er 1798 bis 1800 nach Weimar, wo er mit Goethe und Schiller zusammentraf, die beide seinen literarischen wert nicht erkannten. Zu Herder fand er bald sehr freundschaftliche Beziehungen. Mit seiner Darstellung des kleinb\u00fcrgerlichen Millieus und der feinf\u00fchligpsychologischen Gestaltung edler und hoher klassischer Gestalten steht Jean Paul au\u00dferhlab der Str\u00f6mung seiner Zeit, obwohl sein Werk mit lyrischen Elementen, rhytmisierter Prosa, Traum, Reflexion, Ironie und Kontrastierung romantischer Elemente zeigt, und Z\u00fcge der Dichtung sp\u00e4terer Epochen vorwegnimmt. (Kurzbiographie aus Knaurs Lexikon der Weltliteratur). Siehe folgende Seiten: <a rel=\"noreferrer noopener\" href=\"https:\/\/www.youtube.com\/redirect?event=video_description&amp;redir_token=QUFFLUhqbHBieTgyNzNlRGhxUnZ4UERQRWRMRmhDVDB2Z3xBQ3Jtc0ttSTBjV3JtUFJHMU1wcXE5WFhPODItR2Qzbk1Gb3lCTUs4VkdHcEQxUGRyZUYtT3NRN3Y4OGhMVklBVVgzZ2VacGJ1UUdFcHNTdW9LazdlZjlMbWR3bS05dE5femZ1TEpLdTIzUndlaVRrWDNZQ0FrVQ&amp;q=https%3A%2F%2Fwww.susannealbers.de%2F03philosophie-literatur-Paul01.html&amp;v=P5On-xCoh7k\" target=\"_blank\">https:\/\/www.susannealbers.de\/03philos&#8230;<\/a> <a rel=\"noreferrer noopener\" href=\"https:\/\/www.youtube.com\/redirect?event=video_description&amp;redir_token=QUFFLUhqbU14TTZIM1RaSTBLUndRSXo0VEp6LW5ndEd2QXxBQ3Jtc0ttRUQtNTV2a2lqdlF2akJLdE1TTmM5Vjg4SHVqOW94TlljaHM5bElPalVmel9kLXBIdVZmSU5wWVBWSDN6Y21nRE5OeUZCWmhHZF9IRWZFZTB2VjBkakoxdnJKd1JRRFRIaFZTMkp3WmFEZGRabEJ5cw&amp;q=https%3A%2F%2Fwww.susannealbers.de%2F03philosophie-literatur-Paul02.html&amp;v=P5On-xCoh7k\" target=\"_blank\">https:\/\/www.susannealbers.de\/03philos&#8230;<\/a> \u00a92023 Susanne Albers &#8211; <a rel=\"noreferrer noopener\" href=\"https:\/\/www.youtube.com\/redirect?event=video_description&amp;redir_token=QUFFLUhqbU0tbVA3UEZiT1BTUlgtQUZNYTktQjAzb2ZfQXxBQ3Jtc0tua0NkVy1rYm1tbFRUUS0tdVE0ZnNsQm9DWGRyek45X3c2VUxXUWVDYlVsa29hMWlHSEFaR0FFMnJ4UG9laXIzem5IU0o4MG1MaDBub1RodlpxblBlbGt3VWpkOWRnNUlWOThCZzBiYjlVR3otemN4RQ&amp;q=https%3A%2F%2Fwww.susannealbers.de%2F&amp;v=P5On-xCoh7k\" target=\"_blank\">https:\/\/www.susannealbers.de<\/a><\/p>\n","protected":false},"excerpt":{"rendered":"<p>Jean Paul &#8211; Bemerkungen \u00fcber uns n\u00e4rrische Menschen \u200b Jean Paul, eigtl. Johann Paul Richter (*21.3.1763 Wunsiedel, +14.11.1825 Bayreuth). Deutscher Dichter, Sohn eines Pfarrers. Materielle Not zwang ihn nach dem Tod seines Vaters zur Aufgabe des Theologie- und Philosophiestudiums. Er wurde Hauslehrer und gr\u00fcndete die Elementarschule in Schwarzenbach, die er bis 1794 leitete. Als freier &hellip; <\/p>\n<p class=\"link-more\"><a href=\"https:\/\/susannealbers.de\/blog\/2023\/06\/22\/jean-paul-aphorismen-fatpack-55-minuten\/\" class=\"more-link\">Continue reading<span class=\"screen-reader-text\"> &#8220;Jean Paul Aphorismen &#8220;Fatpack&#8221; 55 Minuten&#8221;<\/span><\/a><\/p>\n","protected":false},"author":1,"featured_media":0,"comment_status":"open","ping_status":"open","sticky":false,"template":"","format":"standard","meta":{"footnotes":""},"categories":[1],"tags":[3657,3658,3656],"class_list":["post-5517","post","type-post","status-publish","format-standard","hentry","category-allgemein","tag-aphorismen","tag-bemerkungen-ueber-uns-naerrische-mensche","tag-jean-paul"],"_links":{"self":[{"href":"https:\/\/susannealbers.de\/blog\/wp-json\/wp\/v2\/posts\/5517","targetHints":{"allow":["GET"]}}],"collection":[{"href":"https:\/\/susannealbers.de\/blog\/wp-json\/wp\/v2\/posts"}],"about":[{"href":"https:\/\/susannealbers.de\/blog\/wp-json\/wp\/v2\/types\/post"}],"author":[{"embeddable":true,"href":"https:\/\/susannealbers.de\/blog\/wp-json\/wp\/v2\/users\/1"}],"replies":[{"embeddable":true,"href":"https:\/\/susannealbers.de\/blog\/wp-json\/wp\/v2\/comments?post=5517"}],"version-history":[{"count":3,"href":"https:\/\/susannealbers.de\/blog\/wp-json\/wp\/v2\/posts\/5517\/revisions"}],"predecessor-version":[{"id":5569,"href":"https:\/\/susannealbers.de\/blog\/wp-json\/wp\/v2\/posts\/5517\/revisions\/5569"}],"wp:attachment":[{"href":"https:\/\/susannealbers.de\/blog\/wp-json\/wp\/v2\/media?parent=5517"}],"wp:term":[{"taxonomy":"category","embeddable":true,"href":"https:\/\/susannealbers.de\/blog\/wp-json\/wp\/v2\/categories?post=5517"},{"taxonomy":"post_tag","embeddable":true,"href":"https:\/\/susannealbers.de\/blog\/wp-json\/wp\/v2\/tags?post=5517"}],"curies":[{"name":"wp","href":"https:\/\/api.w.org\/{rel}","templated":true}]}}