{"id":533,"date":"2010-02-09T03:36:37","date_gmt":"2010-02-09T02:36:37","guid":{"rendered":"http:\/\/susannealbers.de\/blog\/?p=533"},"modified":"2010-02-09T03:38:35","modified_gmt":"2010-02-09T02:38:35","slug":"das-verbrechen-hinter-den-worten","status":"publish","type":"post","link":"https:\/\/susannealbers.de\/blog\/2010\/02\/09\/das-verbrechen-hinter-den-worten\/","title":{"rendered":"Das Verbrechen hinter den Worten"},"content":{"rendered":"<p><a href=\"https:\/\/susannealbers.de\/blog\/wp-content\/uploads\/2010\/02\/cd26.jpg\"><img loading=\"lazy\" decoding=\"async\" src=\"https:\/\/susannealbers.de\/blog\/wp-content\/uploads\/2010\/02\/cd26.jpg\" alt=\"cd26\" title=\"cd26\" width=\"260\" height=\"255\" class=\"aligncenter size-full wp-image-532\" \/><\/a><\/p>\n<p>Das Verbrechen hinter den Worten<br \/>\nTondokumente (1930-1964) zum nationalsozialistischen V\u00f6lkermord <\/p>\n<p>Eine Produktion des Deutschen Historischen Museums Berlin und des Deutschen Rundfunkarchivs Frankfurt\/M. und Potsdam &#8211; Babelsberg <\/p>\n<p>Am sechsten Jahrestag der nationalsozialistischen Macht\u00fcbernahme, am 30. Januar 1939, drohte Hitler in seiner Reichstagsrede &#8211; die vom Rundfunk direkt \u00fcbertragen wurde &#8211; die Vernichtung der Juden an, die dann in den Jahren nach 1941 unerbittliche Wahrheit f\u00fcr Millionen Menschen wurde.<\/p>\n<p>Die hier zusammengestellten 15 Tondokumente aus der Zeit von 1930 bis 1964 spiegeln diese Entwicklung wider, von der vergeblichen Warnung durch den Central-Verein deutscher Staatsb\u00fcrger j\u00fcdischen Glaubens, den \u201cN\u00fcrnberger Gesetzen\u201d, der Einf\u00fchrung des \u201cJudensterns\u201d im Deutschen Reich, der Wannsee-Konferenz bis zum Holocaust, der in den Nachkriegsprozessen in N\u00fcrnberg, Jerusalem und Frankfurt am Main ausf\u00fchrlich zur Sprache kommt. <\/p>\n<p>Die Anklagen durch Sendungen des Deutschen Dienstes der BBC hatten keinerlei Wirkung, entscheidend waren die Eroberungen der Konzentrations- und Vernichtungslager durch die alliierten Armeen. \u201cWir wissen nicht, wie wir jemals den Befreiern &#8211; unseren Befreiern &#8211; danken sollen\u201d, erkl\u00e4rte Charlotte Grunow am 15. April 1945 nach ihrer Befreiung aus Bergen-Belsen, und fuhr fort: \u201cWenn wir heute die Sonne untergehen sehen, denken wir an den Kamin in Auschwitz.\u201d <\/p>\n<p><a target=\"_blank\" href=\"http:\/\/www.dra.de\/publikationen\/cds\/stimmen\/cd26.html\">CD f\u00fcr 5 Euro<\/a><\/p>\n<p>1. Aug. 1930 <a href=\"http:\/\/www.susannealbers.de\/ZJuliusBrodnitz-14091930VorsitzenderdesCentralvereinsdeutscherJuden-keine-einzellinks.mp3\">Julius Brodnitz<\/a> (Vorsitzender des Central-Vereins deutscher Staatsb\u00fcrger j\u00fcdischen Glaubens):<br \/>\nZu der Reichstagswahl am 14.9.1930 2\u203245\u2033<\/p>\n<p>2. 16.9.1935 <a href=\"http:\/\/www.susannealbers.de\/ZJosephGoebbels-16091935RedezudenNuernbergerGesetzen-keine-einzellinks.mp3\">Joseph Goebbels<\/a>: Rede an die Gau- und Kreispropagandaleiter der NSDAP im N\u00fcrnberger Apollotheater<br \/>\n(nach dem Erlass der \u201cN\u00fcrnberger Gesetze\u201d) 4\u203203\u2033<\/p>\n<p>3. 10.11.1938 Reportage nach der Reichspogromnacht (\u201dKristallnacht\u201d) in Wien 2\u203219\u2033 <\/p>\n<p>4. 30.1.1939 Adolf Hitler: Ansprache auf der Reichstagssitzung in der Berliner Kroll-Oper 1\u203205\u2033 <\/p>\n<p>5. 28.9 1941 Josef Groh\u00e9 (Gauleiter der NSDAP): Rede auf einer NSDAP-Kundgebung in den K\u00f6lner Messehallen<br \/>\n(nach Einf\u00fchrung des \u201cJudensterns\u201d im Deutschen Reich) 2\u203238\u2033 <\/p>\n<p>6. Dez. 1941 Thomas Mann: Ansprache \u00fcber den Deutschen Dienst der BBC innerhalb der Sendereihe \u201cDeutsche H\u00f6rer!\u201d<br \/>\n(aufgenommen am 6.12.1941 in Kalifornien) 4\u203226\u2033 <\/p>\n<p>7. 30.1.1942 Adolf Hitler auf einer Kundgebung im Berliner Sportpalast 2\u203200\u2033 <\/p>\n<p>8. 24 12.1942 Sendung des Deutschen Dienstes der BBC: \u00dcber die Vernichtung der Juden im besetzten Europa durch den Nationalsozialismus 8\u203200\u2033 <\/p>\n<p>9. 4.10.1943 Heinrich Himmler: Ansprache in Posen vor Gener\u00e4len der Waffen-SS 3\u203237\u2033 <\/p>\n<p>10. 21.6.1944 Heinrich Himmler in Sonthofen vor Wehrmachtsqener\u00e4len 3\u203203\u2033 <\/p>\n<p>11. 15.4.1945 <a href=\"http:\/\/www.susannealbers.de\/ZCharlotteGrunow-15041945KZAuschwitzundBergenBelsen-keine-einzellinks.mp3\">Charlotte Grunow<\/a>: Bericht \u00fcber ihre Inhaftierung in den Konzentrationslagern Auschwitz und Bergen-Belsen 6\u203243\u2033 <\/p>\n<p>12. 15.4.1946 N\u00fcrnberger Prozess: Zeugenvernehmung von Rudolf H\u00f6\u00df, Kommandant des Vernichtungslagers Auschwitz (1940-1943); die Fragen stellt Rechtsanwalt Kurt Kauffmann 14\u203230\u2033 <\/p>\n<p>13. 26 6 1961 Adolf Eichmann: Aussage vor dem Jerusalemer Bezirksgericht \u00fcber die Wannsee-Konferenz 3\u203245\u2033 <\/p>\n<p>14. 13.12.1961 Adolf Eichmann: Schlusswort 0\u203255\u2033 <\/p>\n<p>15. 30.11.1964 Frankfurter Auschwitz-Prozess: Aussage des Zeugen Rudolf Vrba; Vorsitzender Richter: Hans Hofmeyer <\/p>\n","protected":false},"excerpt":{"rendered":"<p>Das Verbrechen hinter den Worten Tondokumente (1930-1964) zum nationalsozialistischen V\u00f6lkermord Eine Produktion des Deutschen Historischen Museums Berlin und des Deutschen Rundfunkarchivs Frankfurt\/M. und Potsdam &#8211; Babelsberg Am sechsten Jahrestag der nationalsozialistischen Macht\u00fcbernahme, am 30. Januar 1939, drohte Hitler in seiner Reichstagsrede &#8211; die vom Rundfunk direkt \u00fcbertragen wurde &#8211; die Vernichtung der Juden an, die &hellip; <\/p>\n<p class=\"link-more\"><a href=\"https:\/\/susannealbers.de\/blog\/2010\/02\/09\/das-verbrechen-hinter-den-worten\/\" class=\"more-link\">Continue reading<span class=\"screen-reader-text\"> &#8220;Das Verbrechen hinter den Worten&#8221;<\/span><\/a><\/p>\n","protected":false},"author":1,"featured_media":0,"comment_status":"open","ping_status":"open","sticky":false,"template":"","format":"standard","meta":{"footnotes":""},"categories":[1],"tags":[154,587,363,588,574,369,366,589,117,590],"class_list":["post-533","post","type-post","status-publish","format-standard","hentry","category-allgemein","tag-antifa","tag-charlotte-grunow","tag-faschismus","tag-goebbels","tag-hitler","tag-holocaust","tag-nationalsozialismus","tag-nurnberger-prozesse","tag-tod","tag-volkermord"],"_links":{"self":[{"href":"https:\/\/susannealbers.de\/blog\/wp-json\/wp\/v2\/posts\/533","targetHints":{"allow":["GET"]}}],"collection":[{"href":"https:\/\/susannealbers.de\/blog\/wp-json\/wp\/v2\/posts"}],"about":[{"href":"https:\/\/susannealbers.de\/blog\/wp-json\/wp\/v2\/types\/post"}],"author":[{"embeddable":true,"href":"https:\/\/susannealbers.de\/blog\/wp-json\/wp\/v2\/users\/1"}],"replies":[{"embeddable":true,"href":"https:\/\/susannealbers.de\/blog\/wp-json\/wp\/v2\/comments?post=533"}],"version-history":[{"count":4,"href":"https:\/\/susannealbers.de\/blog\/wp-json\/wp\/v2\/posts\/533\/revisions"}],"predecessor-version":[{"id":537,"href":"https:\/\/susannealbers.de\/blog\/wp-json\/wp\/v2\/posts\/533\/revisions\/537"}],"wp:attachment":[{"href":"https:\/\/susannealbers.de\/blog\/wp-json\/wp\/v2\/media?parent=533"}],"wp:term":[{"taxonomy":"category","embeddable":true,"href":"https:\/\/susannealbers.de\/blog\/wp-json\/wp\/v2\/categories?post=533"},{"taxonomy":"post_tag","embeddable":true,"href":"https:\/\/susannealbers.de\/blog\/wp-json\/wp\/v2\/tags?post=533"}],"curies":[{"name":"wp","href":"https:\/\/api.w.org\/{rel}","templated":true}]}}