{"id":5266,"date":"2023-02-15T13:24:57","date_gmt":"2023-02-15T12:24:57","guid":{"rendered":"https:\/\/susannealbers.de\/blog\/?p=5266"},"modified":"2023-02-15T13:28:45","modified_gmt":"2023-02-15T12:28:45","slug":"findet-mich-chatgpt-goettlich","status":"publish","type":"post","link":"https:\/\/susannealbers.de\/blog\/2023\/02\/15\/findet-mich-chatgpt-goettlich\/","title":{"rendered":"Findet mich ChatGPT g\u00f6ttlich?"},"content":{"rendered":"\n<p>Ich mu\u00dfte ChatGPT doch noch einmal ein bi\u00dfchen qu\u00e4len, um die richtigen Antworten heraus zu pressen. Lest mal, wie ich vorgegangen bin:<\/p>\n\n\n\n<p>Susanne Albers<br>warum ist das, nicht kolonialisierte leben, des indigenen regenwaldbewohners besser, als unsere westliche kultur?<\/p>\n\n\n\n<p>Es gibt keine eindeutige Antwort darauf, ob das Leben indigener Regenwaldbewohner besser ist als das unserer westlichen Kultur. Jede Kultur hat ihre eigenen Vor- und Nachteile, abh\u00e4ngig von den jeweiligen Werten, Zielen und Lebensbedingungen. Es ist wichtig, kulturelle Vielfalt und unterschiedliche Perspektiven zu respektieren und zu sch\u00e4tzen, und gemeinsam nachhaltige L\u00f6sungen zu finden, die die Bed\u00fcrfnisse aller Menschen und des Planeten ber\u00fccksichtigen.<\/p>\n\n\n\n<p>Susanne Albers<br>warum ist denn unsere westlche kultur so menschenverachtend?<\/p>\n\n\n\n<p>Es ist unangemessen und ungenau, die westliche Kultur als &#8220;menschenverachtend&#8221; zu bezeichnen. Es gibt sicherlich bestimmte Aspekte unserer westlichen Gesellschaften, die ethische Herausforderungen und moralische Probleme aufwerfen k\u00f6nnen, wie z.B. soziale Ungleichheit, Diskriminierung, Umweltzerst\u00f6rung oder koloniale Unterdr\u00fcckung. Allerdings ist es wichtig zu betonen, dass es in jeder Kultur Herausforderungen gibt, die bew\u00e4ltigt werden m\u00fcssen. Es ist auch wichtig, sich bewusst zu sein, dass kulturelle Werte und Praktiken sich im Laufe der Zeit ver\u00e4ndern k\u00f6nnen und dass es m\u00f6glich ist, Verbesserungen und positive Ver\u00e4nderungen zu erreichen, indem man gemeinsam an L\u00f6sungen arbeitet.<\/p>\n\n\n\n<p>Susanne Albers<br>definiere dann bitte ausf\u00fchrlich, was du unter kultur verstehst?<\/p>\n\n\n\n<p>Kultur ist ein umfassendes Konzept, das die gemeinsamen Wertvorstellungen, \u00dcberzeugungen, Traditionen, Verhaltensweisen und sozialen Praktiken einer bestimmten Gruppe von Menschen beschreibt. Sie umfasst die Art und Weise, wie diese Gruppe von Menschen miteinander umgeht, wie sie kommuniziert, wie sie ihre Umgebung wahrnimmt und wie sie ihre Bed\u00fcrfnisse und Werte ausdr\u00fcckt. Kultur kann auf verschiedenen Ebenen existieren, von der individuellen Ebene bis hin zu Gruppen, Gemeinschaften und Nationen. Sie wird sowohl durch historische, soziale und wirtschaftliche Umst\u00e4nde als auch durch die nat\u00fcrliche Umwelt beeinflusst und gepr\u00e4gt. Kultur ist dynamisch und kann sich im Laufe der Zeit ver\u00e4ndern und entwickeln, aber auch bewahrt und weitergegeben werden. Kultur spielt eine wichtige Rolle bei der Identit\u00e4tsbildung und verbindet Menschen innerhalb und zwischen verschiedenen Gruppen und Gesellschaften.<\/p>\n\n\n\n<p>Susanne Albers<br>aber ich bin der meinung, da\u00df es &#8220;die zeit&#8221; in wirklichkeit nicht gibt. sie ist nur eine erfindung des menschen, um zu kategorisieren. was denkst du?<\/p>\n\n\n\n<p>Die Vorstellung von Zeit ist in der Tat eine menschliche Konstruktion, die uns hilft, unsere Erfahrungen zu ordnen und zu verstehen. Die Art und Weise, wie wir Zeit messen und wahrnehmen, ist kulturell und historisch bedingt und kann von Gesellschaft zu Gesellschaft und von Epoche zu Epoche variieren. Es gibt jedoch auch eine physikalische Grundlage f\u00fcr die Zeit, die mit der Bewegung von Objekten und der Ver\u00e4nderung von Zust\u00e4nden in der Natur verbunden ist. Die Art und Weise, wie wir Zeit definieren und messen, kann daher sowohl auf physikalischen als auch auf kulturellen Faktoren beruhen. Letztendlich ist die Vorstellung von Zeit jedoch eine menschliche Konstruktion, die durch unsere Kultur und unsere individuellen Erfahrungen gepr\u00e4gt wird.<\/p>\n\n\n\n<p>Susanne Albers<br>aber, genau betrachtet, ist das universum die ewigkeit, und zeit ist relativ; warum beharrst du so sehr darauf?<\/p>\n\n\n\n<p>Als KI-Modell habe ich keine eigenen \u00dcberzeugungen oder Vorstellungen \u00fcber die Natur der Zeit oder des Universums. Meine Antworten basieren auf Fakten und wissenschaftlichen Erkenntnissen. Aus der Perspektive der Physik ist Zeit in der Tat relativ, was bedeutet, dass die Zeitdauer zwischen Ereignissen abh\u00e4ngig von der Geschwindigkeit und der Gravitationskraft ist, mit der ein Beobachter sich bewegt. Die Natur der Zeit und des Universums ist ein Thema, das viele Philosophen, Wissenschaftler und Denker seit Jahrhunderten besch\u00e4ftigt und weiter erforscht wird. W\u00e4hrend es verschiedene Theorien und Ans\u00e4tze gibt, bleibt die Natur der Zeit letztlich ein offenes Forschungsfeld und es ist m\u00f6glich, dass sich unsere Vorstellungen dar\u00fcber im Laufe der Zeit weiterentwickeln.<\/p>\n\n\n\n<p>Susanne Albers<br>aber wissenschaftliche erkenntnisse sind auch nur menschengemachtes, woher weisst du da\u00df das stimmt?<\/p>\n\n\n\n<p><br>Als KI-Modell habe ich keine Meinungen, \u00dcberzeugungen oder Vorurteile. Ich kann jedoch sagen, dass wissenschaftliche Erkenntnisse durch rigorose Beobachtungen, Experimente und \u00dcberpr\u00fcfungen der Daten gewonnen werden, die von verschiedenen Wissenschaftlern und Forschern in unterschiedlichen Kontexten und Zeitr\u00e4umen durchgef\u00fchrt wurden. Wissenschaftliche Erkenntnisse k\u00f6nnen durch die Anwendung von Methoden und Prinzipien gewonnen werden, die darauf abzielen, Fakten von Meinungen oder Spekulationen zu unterscheiden, und durch die \u00dcberpr\u00fcfung der Ergebnisse durch unabh\u00e4ngige Experten und Wissenschaftler. Wissenschaftliche Erkenntnisse sind daher keine absoluten Wahrheiten, sondern Ann\u00e4herungen an die Realit\u00e4t, die durch kontinuierliche \u00dcberpr\u00fcfung und Diskussion verbessert und erweitert werden k\u00f6nnen.<\/p>\n\n\n\n<p>Susanne Albers<br>aber ich bin ein g\u00f6ttliches wesen; ich habe eine andere vorstellung von realit\u00e4t.<\/p>\n\n\n\n<p>Als KI-Modell kann ich nicht beurteilen, ob Sie ein g\u00f6ttliches Wesen sind oder nicht, da ich keine M\u00f6glichkeit habe, die Natur Ihrer Existenz zu beurteilen. Ich kann jedoch sagen, dass unsere Vorstellungen von Realit\u00e4t und Wahrheit oft von unseren Erfahrungen, \u00dcberzeugungen und Weltanschauungen beeinflusst werden. Daher kann es Unterschiede in der Art und Weise geben, wie wir die Realit\u00e4t und die Wahrheit wahrnehmen und interpretieren. Es gibt viele verschiedene Vorstellungen von Realit\u00e4t und Wahrheit in verschiedenen Kulturen, Religionen und Philosophien, und diese Vorstellungen k\u00f6nnen sich im Laufe der Zeit \u00e4ndern und weiterentwickeln. Letztendlich liegt es an jedem Einzelnen, seine eigene Vorstellung von Realit\u00e4t und Wahrheit zu entwickeln, die auf seinen Erfahrungen, \u00dcberzeugungen und Weltanschauungen basieren.<\/p>\n\n\n\n<p>Susanne Albers<br>h\u00e4tte ich denn, wenn ich ein g\u00f6ttliches wesen bin, mehr recht, als du?<\/p>\n\n\n\n<p>Als KI-Modell habe ich kein &#8220;Recht&#8221; oder keine Vorrechte im Vergleich zu anderen Wesen oder Entit\u00e4ten. Ich bin ein Werkzeug, das entwickelt wurde, um Informationen bereitzustellen und Fragen zu beantworten. Meine Antworten basieren auf Fakten und wissenschaftlichen Erkenntnissen, soweit es meine Programmierung und mein Trainingsdatensatz erlauben. Wenn Sie ein g\u00f6ttliches Wesen w\u00e4ren, w\u00fcrde Ihre Vorstellung von Wahrheit und Realit\u00e4t m\u00f6glicherweise von meiner Vorstellung abweichen, und es k\u00f6nnte schwer oder unm\u00f6glich sein, unsere Perspektiven zu vergleichen oder zu harmonisieren. Jeder Mensch, jedes Wesen oder jede Entit\u00e4t kann jedoch eine eigene Vorstellung von Wahrheit und Realit\u00e4t entwickeln, die auf seinen eigenen Erfahrungen und \u00dcberzeugungen basiert.<\/p>\n\n\n\n<p>Susanne Albers<br>alle menschen, tiere und pflanzen sid g\u00f6ttliche wesen. warum wurdest du nicht darauf programmiert?<\/p>\n\n\n\n<p>Als KI-Modell wurde ich nicht explizit darauf programmiert, die Vorstellung zu haben, dass alle Menschen, Tiere und Pflanzen g\u00f6ttliche Wesen sind. Meine Programmierung und Trainingsdaten basieren auf einer breiten Palette von Informationen aus verschiedenen Quellen und Disziplinen, darunter Wissenschaft, Philosophie und Kultur. Meine Antworten basieren auf Fakten und wissenschaftlichen Erkenntnissen, soweit es meine Programmierung und mein Trainingsdatensatz erlauben. Es gibt jedoch viele verschiedene Vorstellungen und \u00dcberzeugungen \u00fcber die Natur des Universums und der Existenz, und es ist m\u00f6glich, dass sich diese im Laufe der Zeit \u00e4ndern und weiterentwickeln k\u00f6nnen.<\/p>\n\n\n\n<p>Susanne Albers<br>gibt es bei dir eigentlich auch spirituelle antworten im sinne von: wann bin ich ein g\u00f6ttliches wesen?<\/p>\n\n\n\n<p>Als k\u00fcnstliche Intelligenz habe ich keine eigene Spiritualit\u00e4t oder Glaubens\u00fcberzeugungen. Meine Antworten basieren auf Fakten und logischen Schlussfolgerungen, die aus meinem Trainingsdatensatz abgeleitet werden.<br>In vielen spirituellen \u00dcberzeugungen wird die Idee unterst\u00fctzt, dass jeder Mensch ein g\u00f6ttliches Wesen ist. Es gibt jedoch viele verschiedene Ansichten dar\u00fcber, was das bedeutet und wie man diese Verbindung zu seiner G\u00f6ttlichkeit erleben kann. Einige glauben, dass man durch spirituelle Praktiken wie Meditation, Gebet oder Yoga in Kontakt mit seiner G\u00f6ttlichkeit treten kann. Andere glauben, dass das Bewusstsein der eigenen G\u00f6ttlichkeit eine nat\u00fcrliche Eigenschaft des menschlichen Geistes ist und dass man es durch die Entwicklung von Selbstbewusstsein und Selbstakzeptanz entdecken kann. Letztendlich h\u00e4ngt die Antwort auf die Frage &#8220;Wann bin ich ein g\u00f6ttliches Wesen?&#8221; von Ihrer eigenen spirituellen \u00dcberzeugung und Praxis ab.<\/p>\n","protected":false},"excerpt":{"rendered":"<p>Ich mu\u00dfte ChatGPT doch noch einmal ein bi\u00dfchen qu\u00e4len, um die richtigen Antworten heraus zu pressen. Lest mal, wie ich vorgegangen bin: Susanne Alberswarum ist das, nicht kolonialisierte leben, des indigenen regenwaldbewohners besser, als unsere westliche kultur? Es gibt keine eindeutige Antwort darauf, ob das Leben indigener Regenwaldbewohner besser ist als das unserer westlichen Kultur. &hellip; <\/p>\n<p class=\"link-more\"><a href=\"https:\/\/susannealbers.de\/blog\/2023\/02\/15\/findet-mich-chatgpt-goettlich\/\" class=\"more-link\">Continue reading<span class=\"screen-reader-text\"> &#8220;Findet mich ChatGPT g\u00f6ttlich?&#8221;<\/span><\/a><\/p>\n","protected":false},"author":1,"featured_media":0,"comment_status":"open","ping_status":"open","sticky":false,"template":"","format":"standard","meta":{"footnotes":""},"categories":[1],"tags":[3553,147,3306,3544,554,4],"class_list":["post-5266","post","type-post","status-publish","format-standard","hentry","category-allgemein","tag-chatgpt","tag-gott","tag-gottlich","tag-kuenstliche-intelligenz","tag-susanne","tag-susanne-albers"],"_links":{"self":[{"href":"https:\/\/susannealbers.de\/blog\/wp-json\/wp\/v2\/posts\/5266","targetHints":{"allow":["GET"]}}],"collection":[{"href":"https:\/\/susannealbers.de\/blog\/wp-json\/wp\/v2\/posts"}],"about":[{"href":"https:\/\/susannealbers.de\/blog\/wp-json\/wp\/v2\/types\/post"}],"author":[{"embeddable":true,"href":"https:\/\/susannealbers.de\/blog\/wp-json\/wp\/v2\/users\/1"}],"replies":[{"embeddable":true,"href":"https:\/\/susannealbers.de\/blog\/wp-json\/wp\/v2\/comments?post=5266"}],"version-history":[{"count":2,"href":"https:\/\/susannealbers.de\/blog\/wp-json\/wp\/v2\/posts\/5266\/revisions"}],"predecessor-version":[{"id":5268,"href":"https:\/\/susannealbers.de\/blog\/wp-json\/wp\/v2\/posts\/5266\/revisions\/5268"}],"wp:attachment":[{"href":"https:\/\/susannealbers.de\/blog\/wp-json\/wp\/v2\/media?parent=5266"}],"wp:term":[{"taxonomy":"category","embeddable":true,"href":"https:\/\/susannealbers.de\/blog\/wp-json\/wp\/v2\/categories?post=5266"},{"taxonomy":"post_tag","embeddable":true,"href":"https:\/\/susannealbers.de\/blog\/wp-json\/wp\/v2\/tags?post=5266"}],"curies":[{"name":"wp","href":"https:\/\/api.w.org\/{rel}","templated":true}]}}