{"id":5029,"date":"2022-09-08T20:51:17","date_gmt":"2022-09-08T18:51:17","guid":{"rendered":"https:\/\/susannealbers.de\/blog\/?p=5029"},"modified":"2022-09-08T21:09:30","modified_gmt":"2022-09-08T19:09:30","slug":"queen-elizabeth-ii-died-r-i-p","status":"publish","type":"post","link":"https:\/\/susannealbers.de\/blog\/2022\/09\/08\/queen-elizabeth-ii-died-r-i-p\/","title":{"rendered":"Queen Elizabeth II. died R.I.P."},"content":{"rendered":"\n<figure class=\"wp-block-image size-full\"><a href=\"https:\/\/susannealbers.de\/blog\/wp-content\/uploads\/2022\/09\/queen40a2022.jpg\"><img loading=\"lazy\" decoding=\"async\" width=\"529\" height=\"415\" src=\"https:\/\/susannealbers.de\/blog\/wp-content\/uploads\/2022\/09\/queen40a2022.jpg\" alt=\"\" class=\"wp-image-5028\" srcset=\"https:\/\/susannealbers.de\/blog\/wp-content\/uploads\/2022\/09\/queen40a2022.jpg 529w, https:\/\/susannealbers.de\/blog\/wp-content\/uploads\/2022\/09\/queen40a2022-300x235.jpg 300w\" sizes=\"auto, (max-width: 529px) 100vw, 529px\" \/><\/a><figcaption>Queen Elizabeth II. 2004 in Berlin, Museumsinsel<\/figcaption><\/figure>\n\n\n\n<p align=\"center\"><audio controls=\"\"><source src=\"https:\/\/www.susannealbers.de\/002qm2\/godsavethequeen.mp3\" type=\"audio\/mpeg\">\n                                <\/audio><\/p>\n\n\n\n<p>Queen Elizabeth II died. You were THE Queen my whole life. I will miss you, even I&#8217;m not british. R.I.P.<\/p>\n\n\n\n<p>Ich m\u00f6chte euch etwas aus dem Jahr 2004 berichten, eine meiner fr\u00fchen Seiten.<\/p>\n\n\n\n<p>Die Queen war auf Staatsbesuch in Berlin &#8211; unter anderem in der Alten Nationalgalerie auf der Museumsinsel.<\/p>\n\n\n\n<p>Dazu habe ich damals folgende Seite gebaut:<\/p>\n\n\n\n<a target=\"_blank\" href=\"https:\/\/www.susannealbers.de\/01kunst-cdf-2.html\" rel=\"noopener\">https:\/\/www.susannealbers.de\/01kunst-cdf-2.html<\/a>\n\n\n\n<p>Und genau das zeige ich euch jetzt:<\/p>\n\n\n\n<p>\u2026aus (fast) aktuellem Anla\u00df\u2026:-)))\u2026<\/p>\n\n\n\n<p>ein Photo f\u00fcr die Fans von Caspar David Friedrich vom 3.11.2004<\/p>\n\n\n\n<p>und f\u00fcr diese eine ganz besondere Kunstliebhaberin<\/p>\n\n\n\n<figure class=\"wp-block-image size-full\"><a href=\"https:\/\/susannealbers.de\/blog\/wp-content\/uploads\/2022\/09\/queen01b.jpg\"><img loading=\"lazy\" decoding=\"async\" width=\"600\" height=\"451\" src=\"https:\/\/susannealbers.de\/blog\/wp-content\/uploads\/2022\/09\/queen01b.jpg\" alt=\"\" class=\"wp-image-5030\" srcset=\"https:\/\/susannealbers.de\/blog\/wp-content\/uploads\/2022\/09\/queen01b.jpg 600w, https:\/\/susannealbers.de\/blog\/wp-content\/uploads\/2022\/09\/queen01b-300x226.jpg 300w\" sizes=\"auto, (max-width: 600px) 100vw, 600px\" \/><\/a><\/figure>\n\n\n\n<p>Und nun noch einmal kurz zum \u00dcberlegen:<\/p>\n\n\n\n<p>Zar Nikolaus I. war ein G\u00f6nner von Caspar David Friedrich.<br>Zar Nikolaus I. war der Ur- Gro\u00dfvater von Zar Nikolaus II.<br>Zar Nikolaus II. war der Cousin von Kaiser Wilhelm II.<br>Der Ur- Gro\u00dfvater von Kaiser Wilhelm II. war K\u00f6nig Friedrich Wilhelm III.<br>K\u00f6nig Friedrich Wilhelm III. hatte 1810 den &#8220;M\u00f6nch am Meer&#8221; gekauft.<br>Kaiser Wilhelms II. Gro\u00dfmutter war Queen Victoria von England.<br>Queen Victoria von England war die Ur- Ur- Gro\u00dfmutter von Queen Elizabeth II. von England,<\/p>\n\n\n\n<p><br>und am 3.11.2004 steht K\u00f6nigin Elizabeth II. von England vor einem Bild, da\u00df eigentlich ihrer Familie geh\u00f6rt.<\/p>\n\n\n\n<p>Aber ob sie das selbst wei\u00df ???<\/p>\n\n\n\n<p>Und weil die Queen offensichtlich auch Interesse an Werken von Herrn Ahlborn hat, noch ein zweites Photo:<\/p>\n\n\n\n<figure class=\"wp-block-image size-full\"><a href=\"https:\/\/susannealbers.de\/blog\/wp-content\/uploads\/2022\/09\/queen62a.jpg\"><img loading=\"lazy\" decoding=\"async\" width=\"600\" height=\"451\" src=\"https:\/\/susannealbers.de\/blog\/wp-content\/uploads\/2022\/09\/queen62a.jpg\" alt=\"\" class=\"wp-image-5031\" srcset=\"https:\/\/susannealbers.de\/blog\/wp-content\/uploads\/2022\/09\/queen62a.jpg 600w, https:\/\/susannealbers.de\/blog\/wp-content\/uploads\/2022\/09\/queen62a-300x226.jpg 300w\" sizes=\"auto, (max-width: 600px) 100vw, 600px\" \/><\/a><\/figure>\n\n\n\n<p>Hier ist schlie\u00dflich das Bild von August Wilhelm Julius Ahlborn &#8211; Blick in Griechenlands Bl\u00fcte von 1836<\/p>\n\n\n\n<figure class=\"wp-block-image size-full\"><a href=\"https:\/\/susannealbers.de\/blog\/wp-content\/uploads\/2022\/09\/AhlbornAugustWilhelmJuliusBlickinGriechenlandsBluete1836.jpg\"><img loading=\"lazy\" decoding=\"async\" width=\"800\" height=\"321\" src=\"https:\/\/susannealbers.de\/blog\/wp-content\/uploads\/2022\/09\/AhlbornAugustWilhelmJuliusBlickinGriechenlandsBluete1836.jpg\" alt=\"\" class=\"wp-image-5032\" srcset=\"https:\/\/susannealbers.de\/blog\/wp-content\/uploads\/2022\/09\/AhlbornAugustWilhelmJuliusBlickinGriechenlandsBluete1836.jpg 800w, https:\/\/susannealbers.de\/blog\/wp-content\/uploads\/2022\/09\/AhlbornAugustWilhelmJuliusBlickinGriechenlandsBluete1836-300x120.jpg 300w, https:\/\/susannealbers.de\/blog\/wp-content\/uploads\/2022\/09\/AhlbornAugustWilhelmJuliusBlickinGriechenlandsBluete1836-768x308.jpg 768w\" sizes=\"auto, (max-width: 767px) 89vw, (max-width: 1000px) 54vw, (max-width: 1071px) 543px, 580px\" \/><\/a><\/figure>\n\n\n\n<p>Die Bilder von Ahlborn waren genau das, was Caspar David Friedrich so \u00fcberhaupt nicht mochte\u2026 Neoklassizismus\u2026<\/p>\n\n\n\n<p>Liebe Queen Elizabeth II. m\u00f6gen Sie in Frieden ruhen.<\/p>\n","protected":false},"excerpt":{"rendered":"<p>Queen Elizabeth II died. You were THE Queen my whole life. I will miss you, even I&#8217;m not british. R.I.P. Ich m\u00f6chte euch etwas aus dem Jahr 2004 berichten, eine meiner fr\u00fchen Seiten. Die Queen war auf Staatsbesuch in Berlin &#8211; unter anderem in der Alten Nationalgalerie auf der Museumsinsel. Dazu habe ich damals folgende &hellip; <\/p>\n<p class=\"link-more\"><a href=\"https:\/\/susannealbers.de\/blog\/2022\/09\/08\/queen-elizabeth-ii-died-r-i-p\/\" class=\"more-link\">Continue reading<span class=\"screen-reader-text\"> &#8220;Queen Elizabeth II. died R.I.P.&#8221;<\/span><\/a><\/p>\n","protected":false},"author":1,"featured_media":0,"comment_status":"open","ping_status":"open","sticky":false,"template":"","format":"standard","meta":{"footnotes":""},"categories":[1],"tags":[3456,3457,3455,1162],"class_list":["post-5029","post","type-post","status-publish","format-standard","hentry","category-allgemein","tag-08-09-2022","tag-koenigin-von-england","tag-queen-elizabeth-ii","tag-todestag"],"_links":{"self":[{"href":"https:\/\/susannealbers.de\/blog\/wp-json\/wp\/v2\/posts\/5029","targetHints":{"allow":["GET"]}}],"collection":[{"href":"https:\/\/susannealbers.de\/blog\/wp-json\/wp\/v2\/posts"}],"about":[{"href":"https:\/\/susannealbers.de\/blog\/wp-json\/wp\/v2\/types\/post"}],"author":[{"embeddable":true,"href":"https:\/\/susannealbers.de\/blog\/wp-json\/wp\/v2\/users\/1"}],"replies":[{"embeddable":true,"href":"https:\/\/susannealbers.de\/blog\/wp-json\/wp\/v2\/comments?post=5029"}],"version-history":[{"count":6,"href":"https:\/\/susannealbers.de\/blog\/wp-json\/wp\/v2\/posts\/5029\/revisions"}],"predecessor-version":[{"id":5038,"href":"https:\/\/susannealbers.de\/blog\/wp-json\/wp\/v2\/posts\/5029\/revisions\/5038"}],"wp:attachment":[{"href":"https:\/\/susannealbers.de\/blog\/wp-json\/wp\/v2\/media?parent=5029"}],"wp:term":[{"taxonomy":"category","embeddable":true,"href":"https:\/\/susannealbers.de\/blog\/wp-json\/wp\/v2\/categories?post=5029"},{"taxonomy":"post_tag","embeddable":true,"href":"https:\/\/susannealbers.de\/blog\/wp-json\/wp\/v2\/tags?post=5029"}],"curies":[{"name":"wp","href":"https:\/\/api.w.org\/{rel}","templated":true}]}}