{"id":4900,"date":"2022-03-26T19:26:21","date_gmt":"2022-03-26T18:26:21","guid":{"rendered":"http:\/\/susannealbers.de\/blog\/?p=4900"},"modified":"2022-04-10T16:28:03","modified_gmt":"2022-04-10T14:28:03","slug":"marlene-dietrich-sag-mir-wo-die-blumen-sind","status":"publish","type":"post","link":"https:\/\/susannealbers.de\/blog\/2022\/03\/26\/marlene-dietrich-sag-mir-wo-die-blumen-sind\/","title":{"rendered":"Marlene Dietrich &#8211; Sag mir, wo die Blumen sind"},"content":{"rendered":"\n<iframe loading=\"lazy\" width=\"560\" height=\"315\" src=\"https:\/\/www.youtube-nocookie.com\/embed\/AybZIw8BRIM\" title=\"YouTube video player\" frameborder=\"0\" allow=\"accelerometer; autoplay; clipboard-write; encrypted-media; gyroscope; picture-in-picture\" allowfullscreen><\/iframe>\n\n\n\n<p>Sag mir wo die Blumen sind, <br>\nwo sind sie geblieben<br>\nSag mir wo die Blumen sind, <br>\nwas ist geschehen?<br>\nSag mir wo die Blumen sind, <br>\nM\u00e4dchen pfl\u00fcckten sie geschwind<br>\nWann wird man je verstehen, <br>\nwann wird man je verstehen?<\/p>\n\n\n\n<p>Sag mir wo die M\u00e4dchen sind, <br>\nwo sind sie geblieben?<br>\nSag mir wo die M\u00e4dchen sind, <br>\nwas ist geschehen?<br>\nSag mir wo die M\u00e4dchen sind, <br>\nM\u00e4nner nahmen sie geschwind<br>\nWann wird man je verstehen?<br>\nWann wird man je verstehen?<\/p>\n\n\n\n<p>Sag mir wo die M\u00e4nner sind<br>\nwo sind sie geblieben?<br>\nSag mir wo die M\u00e4nner sind, <br>\nwas ist geschehen?<br>\nSag mir wo die M\u00e4nner sind, <br>\nzogen fort, der Krieg beginnt, <br>\nWann wird man je verstehen?<br>\nWann wird man je verstehen?<\/p>\n\n\n\n<p>Sag wo die Soldaten sind, <br>\nwo sind sie geblieben?<br>\nSag wo die Soldaten sind, <br>\nwas ist geschehen?<br>\nSag wo die Soldaten sind, <br>\n\u00fcber Gr\u00e4ben weht der Wind<br>\nWann wird man je verstehen?<br>\nWann wird man je verstehen?<\/p>\n\n\n\n<p>Sag mir wo die Gr\u00e4ber sind, <br>\nwo sind sie geblieben?<br>\nSag mir wo die Gr\u00e4ber sind, <br>\nwas ist geschehen?<br>\nSag mir wo die Gr\u00e4ber sind, <br>\nBlumen wehen im Sommerwind<br>\nWann wird man je verstehen?<br>\nWann wird man je verstehen?<\/p>\n\n\n\n<p>Sag mir wo die Blumen sind, <br> wo sind sie geblieben?<br> Sag mir wo die Blumen sind, <br> was ist geschehen?<br> Sag mir wo die Blumen sind, <br> M\u00e4dchen pfl\u00fcckten sie geschwind<br> Wann wird man je verstehen?<br> Wann wird man je verstehen?<\/p>\n\n\n\n<p>(Original 1955 Pete Seeger)<\/p>\n","protected":false},"excerpt":{"rendered":"<p>Sag mir wo die Blumen sind, wo sind sie geblieben Sag mir wo die Blumen sind, was ist geschehen? Sag mir wo die Blumen sind, M\u00e4dchen pfl\u00fcckten sie geschwind Wann wird man je verstehen, wann wird man je verstehen? Sag mir wo die M\u00e4dchen sind, wo sind sie geblieben? Sag mir wo die M\u00e4dchen sind, &hellip; <\/p>\n<p class=\"link-more\"><a href=\"https:\/\/susannealbers.de\/blog\/2022\/03\/26\/marlene-dietrich-sag-mir-wo-die-blumen-sind\/\" class=\"more-link\">Continue reading<span class=\"screen-reader-text\"> &#8220;Marlene Dietrich &#8211; Sag mir, wo die Blumen sind&#8221;<\/span><\/a><\/p>\n","protected":false},"author":1,"featured_media":0,"comment_status":"open","ping_status":"open","sticky":false,"template":"","format":"standard","meta":{"footnotes":""},"categories":[1],"tags":[1040,3409],"class_list":["post-4900","post","type-post","status-publish","format-standard","hentry","category-allgemein","tag-marlene-dietrich","tag-sag-mir-wo-die-blumen-sind"],"_links":{"self":[{"href":"https:\/\/susannealbers.de\/blog\/wp-json\/wp\/v2\/posts\/4900","targetHints":{"allow":["GET"]}}],"collection":[{"href":"https:\/\/susannealbers.de\/blog\/wp-json\/wp\/v2\/posts"}],"about":[{"href":"https:\/\/susannealbers.de\/blog\/wp-json\/wp\/v2\/types\/post"}],"author":[{"embeddable":true,"href":"https:\/\/susannealbers.de\/blog\/wp-json\/wp\/v2\/users\/1"}],"replies":[{"embeddable":true,"href":"https:\/\/susannealbers.de\/blog\/wp-json\/wp\/v2\/comments?post=4900"}],"version-history":[{"count":3,"href":"https:\/\/susannealbers.de\/blog\/wp-json\/wp\/v2\/posts\/4900\/revisions"}],"predecessor-version":[{"id":4909,"href":"https:\/\/susannealbers.de\/blog\/wp-json\/wp\/v2\/posts\/4900\/revisions\/4909"}],"wp:attachment":[{"href":"https:\/\/susannealbers.de\/blog\/wp-json\/wp\/v2\/media?parent=4900"}],"wp:term":[{"taxonomy":"category","embeddable":true,"href":"https:\/\/susannealbers.de\/blog\/wp-json\/wp\/v2\/categories?post=4900"},{"taxonomy":"post_tag","embeddable":true,"href":"https:\/\/susannealbers.de\/blog\/wp-json\/wp\/v2\/tags?post=4900"}],"curies":[{"name":"wp","href":"https:\/\/api.w.org\/{rel}","templated":true}]}}