{"id":4809,"date":"2021-12-17T19:42:00","date_gmt":"2021-12-17T18:42:00","guid":{"rendered":"http:\/\/susannealbers.de\/blog\/?p=4809"},"modified":"2021-12-17T19:42:51","modified_gmt":"2021-12-17T18:42:51","slug":"ein-aneurysma-missverstandnis","status":"publish","type":"post","link":"https:\/\/susannealbers.de\/blog\/2021\/12\/17\/ein-aneurysma-missverstandnis\/","title":{"rendered":"Ein Aneurysma Missverst\u00e4ndnis"},"content":{"rendered":"\n<p>Wir schreiben Dezember 2010, ein Donnerstag.<\/p>\n\n\n\n<p>Ich hatte starke Kopfschmerzen, \u00dcbelkeit und ein wenig Sehst\u00f6rungen.<\/p>\n\n\n\n<p>Vorsichtshalber bin ich zur Notaufnahme ins n\u00e4chste Krankenhaus gefahren.<\/p>\n\n\n\n<p>Ich mu\u00dfte station\u00e4r bleiben, alle Untersuchungen sollten gemacht werden, weil es bei mir eine SAB und Aneurysma Vorgeschichte von 2003 und 2004 gab.<\/p>\n\n\n\n<p>Am folgenden Dienstag waren alle Untersuchungen abgeschlossen &#8211; (MRT, CT, Angiografie etc.)&nbsp;<\/p>\n\n\n\n<p>Am Nachmittag wartete ich auf den Prof, der mir das Ergebnis mitteilen wollte. Ich sa\u00df im Bett im Dreibettzimmer.<\/p>\n\n\n\n<p>Pl\u00f6tzlich \u00f6ffnete sich die T\u00fcr. es kam ein schloddriger Mann mit Arztkittel und langen Haaren rein.<\/p>\n\n\n\n<p>&#8220;Ich suche Frau Albers&#8221; fragte er.<\/p>\n\n\n\n<p>&#8220;Hier bin ich&#8221; sagte ich.<\/p>\n\n\n\n<p>&#8220;Ich bin der An\u00e4sthesist und soll sie aufkl\u00e4ren&#8221; meinte er.<\/p>\n\n\n\n<p>&#8220;Wor\u00fcber wollen sie mich aufkl\u00e4ren?&#8221; war meine erstaunte Frage.<\/p>\n\n\n\n<p>&#8220;\u00dcber ihre Op&#8221;<\/p>\n\n\n\n<p>&#8220;Welche Op?&#8221;<\/p>\n\n\n\n<p>&#8220;Na das Clipping am Freitag&#8221;<\/p>\n\n\n\n<p>&#8220;Wie? Ich soll operiert werden? Ein Clipping?&#8221;<\/p>\n\n\n\n<p>&#8220;Ja, wegen der An\u00e4sthesieaufkl\u00e4rung bin ich hier&#8221;<\/p>\n\n\n\n<p>Ich war wie vor den Kopf geschlagen, ich wu\u00dfte von nichts, war v\u00f6llig erstaunt und wurde \u00e4ngstlich.<\/p>\n\n\n\n<p>&#8220;Kann nicht sein&#8221; entgegnete ich. &#8220;Ich wei\u00df von nix&#8221;<\/p>\n\n\n\n<p>&#8220;Ich kenne sie \u00fcbrigens sehr gut&#8221; erkl\u00e4rte er.<\/p>\n\n\n\n<p>&#8220;Wie bitte? Kann nicht sein&#8221; mir wurde sehr mulmig.<\/p>\n\n\n\n<p>&#8220;Doch sicher, ich habe sie bei ihrer Psychose 2009 mit der abgeschittenen Hand als Notarzt in ihrer Wohnung betreut und untersucht, seit einem halben Jahr arbeite ich hier als An\u00e4sthesist&#8221;<\/p>\n\n\n\n<p>&#8220;Ach du meine G\u00fcte, kann nicht sein&#8230;&#8221; ich war wie konsterniert und verwirrt.<\/p>\n\n\n\n<p>&#8220;Doch doch, es war sehr dramatisch, ich brachte sie nach Marzahn ins Unfallkrankenhaus. wie geht es ihnen heute&#8221; sagte er ganz nett.<\/p>\n\n\n\n<p>Ich mu\u00dfte mich erstmal sammeln, &#8220;alles einigerma\u00dfen okay&#8221; &#8212; &#8220;und ich habe ein Aneurysma?&#8221;<\/p>\n\n\n\n<p>Nein Frau Albers, zwei, ein media Aneurysma und ein pica Aneurysma&#8230; das media Aneurysma wird Freitag geclippt.&#8221;<\/p>\n\n\n\n<p>&#8220;K\u00f6nnen sie bitte erstmal raus gehen, ich mu\u00df mit meinem behandelnden Professor reden.&#8221;&nbsp;<\/p>\n\n\n\n<p>Er ging, ich stand v\u00f6llig aufgebracht auf und sputete ins Arztzimmer. Dort veranstaltete ich einen riesen Aufstand. Der Professor war nicht da. Ich motzte was das Zeug h\u00e4lt.<\/p>\n\n\n\n<p>&#8220;Warum haben sie mir nichts gesagt? &#8211; Was ist das f\u00fcr ein Sauladen? &#8211; Haben sie keinen Anstand? Und warum kommt der An\u00e4sthesist einfach so in mein Zimmer? Habe ich ein Aneurysma? &#8211; oder zwei? &#8211; gibts ja wohl nicht! &#8211; Wo ist der Professor? &#8211; Ich will sofort nach Hause! &#8211; Ich finde das echt schei\u00dfe&#8221;<\/p>\n\n\n\n<p>Dann fing ich an zu heulen, bin aus dem Arztzimmer gelaufen, zum Fahrstuhl und habe unten im Schnee erstmal 3 Zigaretten geraucht, meine Freundin angerufen, ihr davon erz\u00e4hlt, rumgeheult und gejammert und gemeckert. Sie beruhigte mich so weit es ging.<\/p>\n\n\n\n<p>Dann bin ich zur\u00fcck auf die Station ins Zimmer. Kurze Zeit sp\u00e4ter \u00f6ffnete sich die T\u00fcr, der Professor kam rein. Er entschuldigte sich 1000 mal, war supernett, es tut ihm ja soo leid, da\u00df ich durch den An\u00e4sthesisten davon erfahren habe, es sollte alles viel vorsichtiger ablaufen, wieder entschuldigte er sich 100 mal.<\/p>\n\n\n\n<p>Ich habe ihm verziehen, sagte okay, ich wei\u00df es ja jetzt, ist in Ordnung &#8211; und ich sammelte mich erstmal.<\/p>\n\n\n\n<p>Abends kam der An\u00e4sthesist um mich aufzukl\u00e4ren.&nbsp;<\/p>\n\n\n\n<p>Freitag drauf (heute vor 11 Jahren) s\u00e4gte mir der Professor den Kopf auf und clippte mein Aneurysma.<\/p>\n\n\n\n<p>Oh my god &#8211; eine kleine Horrorstory. aber so ist das Leben.<\/p>\n\n\n\n<p>2011 im M\u00e4rz drauf ist das pica Aneurysma gecoilt worden.<\/p>\n","protected":false},"excerpt":{"rendered":"<p>Wir schreiben Dezember 2010, ein Donnerstag. Ich hatte starke Kopfschmerzen, \u00dcbelkeit und ein wenig Sehst\u00f6rungen. Vorsichtshalber bin ich zur Notaufnahme ins n\u00e4chste Krankenhaus gefahren. Ich mu\u00dfte station\u00e4r bleiben, alle Untersuchungen sollten gemacht werden, weil es bei mir eine SAB und Aneurysma Vorgeschichte von 2003 und 2004 gab. Am folgenden Dienstag waren alle Untersuchungen abgeschlossen &#8211; &hellip; <\/p>\n<p class=\"link-more\"><a href=\"https:\/\/susannealbers.de\/blog\/2021\/12\/17\/ein-aneurysma-missverstandnis\/\" class=\"more-link\">Continue reading<span class=\"screen-reader-text\"> &#8220;Ein Aneurysma Missverst\u00e4ndnis&#8221;<\/span><\/a><\/p>\n","protected":false},"author":1,"featured_media":0,"comment_status":"open","ping_status":"open","sticky":false,"template":"","format":"standard","meta":{"footnotes":""},"categories":[1],"tags":[122,2614,2023],"class_list":["post-4809","post","type-post","status-publish","format-standard","hentry","category-allgemein","tag-aneurysma","tag-clipping","tag-coiling"],"_links":{"self":[{"href":"https:\/\/susannealbers.de\/blog\/wp-json\/wp\/v2\/posts\/4809","targetHints":{"allow":["GET"]}}],"collection":[{"href":"https:\/\/susannealbers.de\/blog\/wp-json\/wp\/v2\/posts"}],"about":[{"href":"https:\/\/susannealbers.de\/blog\/wp-json\/wp\/v2\/types\/post"}],"author":[{"embeddable":true,"href":"https:\/\/susannealbers.de\/blog\/wp-json\/wp\/v2\/users\/1"}],"replies":[{"embeddable":true,"href":"https:\/\/susannealbers.de\/blog\/wp-json\/wp\/v2\/comments?post=4809"}],"version-history":[{"count":2,"href":"https:\/\/susannealbers.de\/blog\/wp-json\/wp\/v2\/posts\/4809\/revisions"}],"predecessor-version":[{"id":4811,"href":"https:\/\/susannealbers.de\/blog\/wp-json\/wp\/v2\/posts\/4809\/revisions\/4811"}],"wp:attachment":[{"href":"https:\/\/susannealbers.de\/blog\/wp-json\/wp\/v2\/media?parent=4809"}],"wp:term":[{"taxonomy":"category","embeddable":true,"href":"https:\/\/susannealbers.de\/blog\/wp-json\/wp\/v2\/categories?post=4809"},{"taxonomy":"post_tag","embeddable":true,"href":"https:\/\/susannealbers.de\/blog\/wp-json\/wp\/v2\/tags?post=4809"}],"curies":[{"name":"wp","href":"https:\/\/api.w.org\/{rel}","templated":true}]}}