{"id":4732,"date":"2021-05-23T19:32:17","date_gmt":"2021-05-23T17:32:17","guid":{"rendered":"http:\/\/susannealbers.de\/blog\/?p=4732"},"modified":"2021-05-23T19:33:11","modified_gmt":"2021-05-23T17:33:11","slug":"frohe-und-gesegnete-pfingsten-3","status":"publish","type":"post","link":"https:\/\/susannealbers.de\/blog\/2021\/05\/23\/frohe-und-gesegnete-pfingsten-3\/","title":{"rendered":"Frohe und gesegnete Pfingsten"},"content":{"rendered":"\n<figure class=\"wp-block-image\"><img loading=\"lazy\" decoding=\"async\" width=\"1024\" height=\"576\" src=\"https:\/\/susannealbers.de\/blog\/wp-content\/uploads\/2021\/05\/B3BE2F11-1CCC-4C5B-BD73-4D3DDFDFE15C-1024x576.jpeg\" alt=\"\" class=\"wp-image-4731\" srcset=\"https:\/\/susannealbers.de\/blog\/wp-content\/uploads\/2021\/05\/B3BE2F11-1CCC-4C5B-BD73-4D3DDFDFE15C-1024x576.jpeg 1024w, https:\/\/susannealbers.de\/blog\/wp-content\/uploads\/2021\/05\/B3BE2F11-1CCC-4C5B-BD73-4D3DDFDFE15C-300x169.jpeg 300w, https:\/\/susannealbers.de\/blog\/wp-content\/uploads\/2021\/05\/B3BE2F11-1CCC-4C5B-BD73-4D3DDFDFE15C-768x432.jpeg 768w, https:\/\/susannealbers.de\/blog\/wp-content\/uploads\/2021\/05\/B3BE2F11-1CCC-4C5B-BD73-4D3DDFDFE15C.jpeg 1067w\" sizes=\"auto, (max-width: 767px) 89vw, (max-width: 1000px) 54vw, (max-width: 1071px) 543px, 580px\" \/><\/figure>\n\n\n\n<p>Apostelgeschichte 2<\/p>\n\n\n\n<p>DAS PFINGSTWUNDER<br>\n21Und als der Pfingsttag gekommen war, waren sie alle an einem Ort beieinander. 2Und es geschah pl\u00f6tzlich ein Brausen vom Himmel wie von einem gewaltigen Wind und erf\u00fcllte das ganze Haus, in dem sie sa\u00dfen. 3Und es erschienen ihnen Zungen, zerteilt wie von Feuer; und er setzte sich auf einen jeden von ihnen, 4und sie wurden alle erf\u00fcllt von dem Heiligen Geist und fingen an zu predigen in andern Sprachen, wie der Geist ihnen gab auszusprechen.<br>\n5Es wohnten aber in Jerusalem Juden, die waren gottesf\u00fcrchtige M\u00e4nner aus allen V\u00f6lkern unter dem Himmel. 6Als nun dieses Brausen geschah, kam die Menge zusammen und wurde best\u00fcrzt; denn ein jeder h\u00f6rte sie in seiner eigenen Sprache reden. 7Sie entsetzten sich aber, verwunderten sich und sprachen: Siehe, sind nicht diese alle, die da reden, aus Galil\u00e4a? 8Wie h\u00f6ren wir denn jeder seine eigene Muttersprache? 9Parther und Meder und Elamiter und die wir wohnen in Mesopotamien und Jud\u00e4a, Kappadozien, Pontus und der Provinz Asien, 10Phrygien und Pamphylien, \u00c4gypten und der Gegend von Kyrene in Libyen und Einwanderer aus Rom, 11Juden und Judengenossen, Kreter und Araber: wir h\u00f6ren sie in unsern Sprachen von den gro\u00dfen Taten Gottes reden.<br>\n12Sie entsetzten sich aber alle und wurden ratlos und sprachen einer zu dem andern: Was will das werden? 13Andere aber hatten ihren Spott und sprachen: Sie sind voll von s\u00fc\u00dfem Wein.<\/p>\n\n\n\n<p>DIE PFINGSTPREDIGT DES PETRUS<br>\n14Da trat Petrus auf mit den Elf, erhob seine Stimme und redete zu ihnen: Ihr Juden, liebe M\u00e4nner, und alle, die ihr in Jerusalem wohnt, das sei euch kundgetan, und lasst meine Worte zu euren Ohren eingehen! 15Denn diese sind nicht betrunken, wie ihr meint, ist es doch erst die dritte Stunde am Tage; 16sondern das ist\u2019s, was durch den Propheten Joel gesagt worden ist (Joel 3,1-5):<br>\n17\u00bbUnd es soll geschehen in den letzten Tagen, spricht Gott, da will ich ausgie\u00dfen von meinem Geist auf alles Fleisch; und eure S\u00f6hne und eure T\u00f6chter sollen weissagen, und eure J\u00fcnglinge sollen Gesichte sehen, und eure Alten sollen Tr\u00e4ume haben; 18und auf meine Knechte und auf meine M\u00e4gde will ich in jenen Tagen von meinem Geist ausgie\u00dfen, und sie sollen weissagen. 19Und ich will Wunder tun oben am Himmel und Zeichen unten auf Erden, Blut und Feuer und Rauchdampf; 20die Sonne soll in Finsternis und der Mond in Blut verwandelt werden, ehe der gro\u00dfe Tag der Offenbarung des Herrn kommt. 21Und es soll geschehen: wer den Namen des Herrn anrufen wird, der soll gerettet werden.\u00ab<br>\n22Ihr M\u00e4nner von Israel, h\u00f6rt diese Worte: Jesus von Nazareth, von Gott unter euch ausgewiesen durch Taten und Wunder und Zeichen, die Gott durch ihn in eurer Mitte getan hat, wie ihr selbst wisst \u2013 23diesen Mann, der durch Gottes Ratschluss und Vorsehung dahingegeben war, habt ihr durch die Hand der Heiden ans Kreuz geschlagen und umgebracht. 24Den hat Gott auferweckt und hat aufgel\u00f6st die Schmerzen des Todes, wie es denn unm\u00f6glich war, dass er vom Tode festgehalten werden konnte. 25Denn David spricht von ihm (Ps 16,8-11): \u00bbIch habe den Herrn allezeit vor Augen, denn er steht mir zur Rechten, damit ich nicht wanke. 26Darum ist mein Herz fr\u00f6hlich, und meine Zunge frohlockt; auch mein Leib wird ruhen in Hoffnung. 27Denn du wirst mich nicht dem Tod \u00fcberlassen und nicht zugeben, dass dein Heiliger die Verwesung sehe. 28Du hast mir kundgetan die Wege des Lebens; du wirst mich erf\u00fcllen mit Freude vor deinem Angesicht.\u00ab<br>\n29Ihr M\u00e4nner, liebe Br\u00fcder, lasst mich freim\u00fctig zu euch reden von dem Erzvater David. Er ist gestorben und begraben, und sein Grab ist bei uns bis auf diesen Tag. 30Da er nun ein Prophet war und wusste, dass ihm Gott verhei\u00dfen hatte mit einem Eid, dass ein Nachkomme von ihm auf seinem Thron sitzen sollte, 31hat er\u2019s vorausgesehen und von der Auferstehung des Christus gesagt: Er ist nicht dem Tod \u00fcberlassen, und sein Leib hat die Verwesung nicht gesehen. 32Diesen Jesus hat Gott auferweckt; dessen sind wir alle Zeugen. 33Da er nun durch die rechte Hand Gottes erh\u00f6ht ist und empfangen hat den verhei\u00dfenen Heiligen Geist vom Vater, hat er diesen ausgegossen, wie ihr hier seht und h\u00f6rt. 34Denn David ist nicht gen Himmel gefahren; sondern er sagt selbst (Ps 110,1): \u00bbDer Herr sprach zu meinem Herrn: Setze dich zu meiner Rechten, 35bis ich deine Feinde zum Schemel deiner F\u00fc\u00dfe mache.\u00ab 36So wisse nun das ganze Haus Israel gewiss, dass Gott diesen Jesus, den ihr gekreuzigt habt, zum Herrn und Christus gemacht hat.<\/p>\n","protected":false},"excerpt":{"rendered":"<p>Apostelgeschichte 2 DAS PFINGSTWUNDER 21Und als der Pfingsttag gekommen war, waren sie alle an einem Ort beieinander. 2Und es geschah pl\u00f6tzlich ein Brausen vom Himmel wie von einem gewaltigen Wind und erf\u00fcllte das ganze Haus, in dem sie sa\u00dfen. 3Und es erschienen ihnen Zungen, zerteilt wie von Feuer; und er setzte sich auf einen jeden &hellip; <\/p>\n<p class=\"link-more\"><a href=\"https:\/\/susannealbers.de\/blog\/2021\/05\/23\/frohe-und-gesegnete-pfingsten-3\/\" class=\"more-link\">Continue reading<span class=\"screen-reader-text\"> &#8220;Frohe und gesegnete Pfingsten&#8221;<\/span><\/a><\/p>\n","protected":false},"author":1,"featured_media":0,"comment_status":"open","ping_status":"open","sticky":false,"template":"","format":"standard","meta":{"footnotes":""},"categories":[1],"tags":[3203],"class_list":["post-4732","post","type-post","status-publish","format-standard","hentry","category-allgemein","tag-pfingsten"],"_links":{"self":[{"href":"https:\/\/susannealbers.de\/blog\/wp-json\/wp\/v2\/posts\/4732","targetHints":{"allow":["GET"]}}],"collection":[{"href":"https:\/\/susannealbers.de\/blog\/wp-json\/wp\/v2\/posts"}],"about":[{"href":"https:\/\/susannealbers.de\/blog\/wp-json\/wp\/v2\/types\/post"}],"author":[{"embeddable":true,"href":"https:\/\/susannealbers.de\/blog\/wp-json\/wp\/v2\/users\/1"}],"replies":[{"embeddable":true,"href":"https:\/\/susannealbers.de\/blog\/wp-json\/wp\/v2\/comments?post=4732"}],"version-history":[{"count":2,"href":"https:\/\/susannealbers.de\/blog\/wp-json\/wp\/v2\/posts\/4732\/revisions"}],"predecessor-version":[{"id":4734,"href":"https:\/\/susannealbers.de\/blog\/wp-json\/wp\/v2\/posts\/4732\/revisions\/4734"}],"wp:attachment":[{"href":"https:\/\/susannealbers.de\/blog\/wp-json\/wp\/v2\/media?parent=4732"}],"wp:term":[{"taxonomy":"category","embeddable":true,"href":"https:\/\/susannealbers.de\/blog\/wp-json\/wp\/v2\/categories?post=4732"},{"taxonomy":"post_tag","embeddable":true,"href":"https:\/\/susannealbers.de\/blog\/wp-json\/wp\/v2\/tags?post=4732"}],"curies":[{"name":"wp","href":"https:\/\/api.w.org\/{rel}","templated":true}]}}