{"id":4722,"date":"2021-04-26T16:25:53","date_gmt":"2021-04-26T14:25:53","guid":{"rendered":"http:\/\/susannealbers.de\/blog\/?p=4722"},"modified":"2021-04-26T16:26:29","modified_gmt":"2021-04-26T14:26:29","slug":"wer-ist-gottlich","status":"publish","type":"post","link":"https:\/\/susannealbers.de\/blog\/2021\/04\/26\/wer-ist-gottlich\/","title":{"rendered":"Wer ist g\u00f6ttlich?"},"content":{"rendered":"\n<p>Ich bin g\u00f6ttlich.<br>Du bist g\u00f6ttlich.<br>Er, sie, es ist g\u00f6ttlich.<br> <\/p>\n\n\n\n<p>Wir sind g\u00f6ttlich.<br>Ihr seid g\u00f6ttlich.<br>Sie sind g\u00f6ttlich.<\/p>\n","protected":false},"excerpt":{"rendered":"<p>Ich bin g\u00f6ttlich.Du bist g\u00f6ttlich.Er, sie, es ist g\u00f6ttlich. Wir sind g\u00f6ttlich.Ihr seid g\u00f6ttlich.Sie sind g\u00f6ttlich.<\/p>\n","protected":false},"author":1,"featured_media":0,"comment_status":"open","ping_status":"open","sticky":false,"template":"","format":"standard","meta":{"footnotes":""},"categories":[1],"tags":[674,3359,3360,147,3306,5,3362,3358,3361],"class_list":["post-4722","post","type-post","status-publish","format-standard","hentry","category-allgemein","tag-du","tag-er","tag-es","tag-gott","tag-gottlich","tag-ich","tag-ihr","tag-sie","tag-wir"],"_links":{"self":[{"href":"https:\/\/susannealbers.de\/blog\/wp-json\/wp\/v2\/posts\/4722","targetHints":{"allow":["GET"]}}],"collection":[{"href":"https:\/\/susannealbers.de\/blog\/wp-json\/wp\/v2\/posts"}],"about":[{"href":"https:\/\/susannealbers.de\/blog\/wp-json\/wp\/v2\/types\/post"}],"author":[{"embeddable":true,"href":"https:\/\/susannealbers.de\/blog\/wp-json\/wp\/v2\/users\/1"}],"replies":[{"embeddable":true,"href":"https:\/\/susannealbers.de\/blog\/wp-json\/wp\/v2\/comments?post=4722"}],"version-history":[{"count":2,"href":"https:\/\/susannealbers.de\/blog\/wp-json\/wp\/v2\/posts\/4722\/revisions"}],"predecessor-version":[{"id":4724,"href":"https:\/\/susannealbers.de\/blog\/wp-json\/wp\/v2\/posts\/4722\/revisions\/4724"}],"wp:attachment":[{"href":"https:\/\/susannealbers.de\/blog\/wp-json\/wp\/v2\/media?parent=4722"}],"wp:term":[{"taxonomy":"category","embeddable":true,"href":"https:\/\/susannealbers.de\/blog\/wp-json\/wp\/v2\/categories?post=4722"},{"taxonomy":"post_tag","embeddable":true,"href":"https:\/\/susannealbers.de\/blog\/wp-json\/wp\/v2\/tags?post=4722"}],"curies":[{"name":"wp","href":"https:\/\/api.w.org\/{rel}","templated":true}]}}