{"id":453,"date":"2010-02-08T07:12:14","date_gmt":"2010-02-08T06:12:14","guid":{"rendered":"http:\/\/susannealbers.de\/blog\/?p=453"},"modified":"2010-02-08T07:12:14","modified_gmt":"2010-02-08T06:12:14","slug":"murano-glas","status":"publish","type":"post","link":"https:\/\/susannealbers.de\/blog\/2010\/02\/08\/murano-glas\/","title":{"rendered":"Murano Glas"},"content":{"rendered":"<p>So sieht es aus, wenn es zu sp\u00e4t, allerdings noch viel zu schade f\u00fcr den M\u00fclleiner ist:<\/p>\n<p><a href=\"https:\/\/susannealbers.de\/blog\/wp-content\/uploads\/2010\/02\/murano001a.jpg\"><img loading=\"lazy\" decoding=\"async\" src=\"https:\/\/susannealbers.de\/blog\/wp-content\/uploads\/2010\/02\/murano001a.jpg\" alt=\"murano001a\" title=\"murano001a\" width=\"470\" height=\"353\" class=\"aligncenter size-full wp-image-451\" srcset=\"https:\/\/susannealbers.de\/blog\/wp-content\/uploads\/2010\/02\/murano001a.jpg 470w, https:\/\/susannealbers.de\/blog\/wp-content\/uploads\/2010\/02\/murano001a-300x225.jpg 300w\" sizes=\"auto, (max-width: 470px) 100vw, 470px\" \/><\/a><\/p>\n<p>Und so, wenn ich beim Staub wischen vorsichtig war:<\/p>\n<p><a href=\"https:\/\/susannealbers.de\/blog\/wp-content\/uploads\/2010\/02\/murano002.jpg\"><img loading=\"lazy\" decoding=\"async\" src=\"https:\/\/susannealbers.de\/blog\/wp-content\/uploads\/2010\/02\/murano002.jpg\" alt=\"murano002\" title=\"murano002\" width=\"470\" height=\"353\" class=\"aligncenter size-full wp-image-452\" srcset=\"https:\/\/susannealbers.de\/blog\/wp-content\/uploads\/2010\/02\/murano002.jpg 470w, https:\/\/susannealbers.de\/blog\/wp-content\/uploads\/2010\/02\/murano002-300x225.jpg 300w\" sizes=\"auto, (max-width: 470px) 100vw, 470px\" \/><\/a><\/p>\n<p>Und als ich von Urlaub zur\u00fcck kam, sah sie immer noch so aus, obwohl sie im Rucksack war:<\/p>\n<p><a href=\"https:\/\/susannealbers.de\/blog\/wp-content\/uploads\/2010\/02\/murano003.jpg\"><img loading=\"lazy\" decoding=\"async\" src=\"https:\/\/susannealbers.de\/blog\/wp-content\/uploads\/2010\/02\/murano003.jpg\" alt=\"murano003\" title=\"murano003\" width=\"331\" height=\"541\" class=\"aligncenter size-full wp-image-450\" srcset=\"https:\/\/susannealbers.de\/blog\/wp-content\/uploads\/2010\/02\/murano003.jpg 331w, https:\/\/susannealbers.de\/blog\/wp-content\/uploads\/2010\/02\/murano003-183x300.jpg 183w\" sizes=\"auto, (max-width: 331px) 100vw, 331px\" \/><\/a><\/p>\n<p>Glas wurde von den Menschen vor etwa 4.000 Jahren entdeckt. Als Fulgurit oder Bestandteil von Meteoriten ist es ein Erzeugnis des Himmels, als Obsidian dagegen das Produkt des feurigen Erdinnern. Man stellte aus dem formbaren und durchsichtigen Material Gebrauchs- und Kultgegenst\u00e4nde her. Im Westen beherrschten die Kulturen des Mittelmeerraums diese Fertigkeiten am besten. Schnell wurde Glas zu einem Werkstoff f\u00fcr Kunstartikel und Handelswaren. Es gl\u00e4nzt dank der seit dem 13. Jahrhundert \u00fcberlieferten Kunst der in Murano niedergelassenen venezianischen Glasbl\u00e4ser. Noch heute spielt Glas dort eine bedeutende \u00f6konomische Rolle. Was ist das Geheimnis der Farben, das Betriebsgeheimnis des \u201cKristalls\u201d aus Venedig? \u201cEin offenes Geheimnis\u201d, sagt Dario Stallone, von der Glasbl\u00e4serei Salviati in Murano. \u201cVor allem muss die Chemie zwischen der Hand des Menschen und den von den Altvorderen \u00fcberlieferten Techniken stimmen\u201d. <\/p>\n<p>Quelle dieses Textes: <a target=\"_blank\" href=\"http:\/\/guenter-peter.de\/VIDEOS\/VB000994.HTML\">guenter-peter.de<\/a><\/p>\n","protected":false},"excerpt":{"rendered":"<p>So sieht es aus, wenn es zu sp\u00e4t, allerdings noch viel zu schade f\u00fcr den M\u00fclleiner ist: Und so, wenn ich beim Staub wischen vorsichtig war: Und als ich von Urlaub zur\u00fcck kam, sah sie immer noch so aus, obwohl sie im Rucksack war: Glas wurde von den Menschen vor etwa 4.000 Jahren entdeckt. Als &hellip; <\/p>\n<p class=\"link-more\"><a href=\"https:\/\/susannealbers.de\/blog\/2010\/02\/08\/murano-glas\/\" class=\"more-link\">Continue reading<span class=\"screen-reader-text\"> &#8220;Murano Glas&#8221;<\/span><\/a><\/p>\n","protected":false},"author":1,"featured_media":0,"comment_status":"open","ping_status":"open","sticky":false,"template":"","format":"standard","meta":{"footnotes":""},"categories":[1],"tags":[487,488,489,490,491,492,493],"class_list":["post-453","post","type-post","status-publish","format-standard","hentry","category-allgemein","tag-glas","tag-glasblaser","tag-glasblaserei","tag-kristall","tag-murano","tag-sand","tag-venedig"],"_links":{"self":[{"href":"https:\/\/susannealbers.de\/blog\/wp-json\/wp\/v2\/posts\/453","targetHints":{"allow":["GET"]}}],"collection":[{"href":"https:\/\/susannealbers.de\/blog\/wp-json\/wp\/v2\/posts"}],"about":[{"href":"https:\/\/susannealbers.de\/blog\/wp-json\/wp\/v2\/types\/post"}],"author":[{"embeddable":true,"href":"https:\/\/susannealbers.de\/blog\/wp-json\/wp\/v2\/users\/1"}],"replies":[{"embeddable":true,"href":"https:\/\/susannealbers.de\/blog\/wp-json\/wp\/v2\/comments?post=453"}],"version-history":[{"count":2,"href":"https:\/\/susannealbers.de\/blog\/wp-json\/wp\/v2\/posts\/453\/revisions"}],"predecessor-version":[{"id":455,"href":"https:\/\/susannealbers.de\/blog\/wp-json\/wp\/v2\/posts\/453\/revisions\/455"}],"wp:attachment":[{"href":"https:\/\/susannealbers.de\/blog\/wp-json\/wp\/v2\/media?parent=453"}],"wp:term":[{"taxonomy":"category","embeddable":true,"href":"https:\/\/susannealbers.de\/blog\/wp-json\/wp\/v2\/categories?post=453"},{"taxonomy":"post_tag","embeddable":true,"href":"https:\/\/susannealbers.de\/blog\/wp-json\/wp\/v2\/tags?post=453"}],"curies":[{"name":"wp","href":"https:\/\/api.w.org\/{rel}","templated":true}]}}