{"id":4390,"date":"2018-09-30T20:44:12","date_gmt":"2018-09-30T18:44:12","guid":{"rendered":"http:\/\/susannealbers.de\/blog\/?p=4390"},"modified":"2018-09-30T21:03:07","modified_gmt":"2018-09-30T19:03:07","slug":"susanne-albers-wohnt-seit-30-jahren-in-berlin","status":"publish","type":"post","link":"https:\/\/susannealbers.de\/blog\/2018\/09\/30\/susanne-albers-wohnt-seit-30-jahren-in-berlin\/","title":{"rendered":"Susanne Albers wohnt seit 30 Jahren in Berlin"},"content":{"rendered":"<p>Es ist soweit: ich wohne seit 30 Jahren in Berlin.<\/p>\n<p>1.10.1988 &#8211; 1.10.2018<\/p>\n<p>Was soll ich schreiben? Sch\u00f6n und ereignisreich ist es \ud83d\ude42<\/p>\n<p>Es war aber auch der gro\u00dfe Knaller, aus dem beschaulichen Gem\u00fcsedorf Bardowick bei L\u00fcneburg ins riesige &#8220;noch&#8221; geteilte Berlin zum Studium an der TU zu kommen &#8211; unglaublich.<\/p>\n<p>Auf folgender Seite habe ich viele Bilder aus Berlin in einen Berlin Umri\u00df gebaut, schau mal:<\/p>\n<p><a href=\"https:\/\/www.susannealbers.de\/13persoenlich-berlin30jahre.html\" rel=\"noopener\" target=\"_blank\">https:\/\/www.susannealbers.de\/13persoenlich-berlin30jahre.html<\/a><\/p>\n<p><img loading=\"lazy\" decoding=\"async\" src=\"https:\/\/susannealbers.de\/blog\/wp-content\/uploads\/2018\/09\/berlin01-30-470-1.jpg\" alt=\"\" width=\"470\" height=\"397\" class=\"alignleft size-full wp-image-4392\" srcset=\"https:\/\/susannealbers.de\/blog\/wp-content\/uploads\/2018\/09\/berlin01-30-470-1.jpg 470w, https:\/\/susannealbers.de\/blog\/wp-content\/uploads\/2018\/09\/berlin01-30-470-1-300x253.jpg 300w\" sizes=\"auto, (max-width: 470px) 100vw, 470px\" \/><\/p>\n","protected":false},"excerpt":{"rendered":"<p>Es ist soweit: ich wohne seit 30 Jahren in Berlin. 1.10.1988 &#8211; 1.10.2018 Was soll ich schreiben? Sch\u00f6n und ereignisreich ist es \ud83d\ude42 Es war aber auch der gro\u00dfe Knaller, aus dem beschaulichen Gem\u00fcsedorf Bardowick bei L\u00fcneburg ins riesige &#8220;noch&#8221; geteilte Berlin zum Studium an der TU zu kommen &#8211; unglaublich. Auf folgender Seite habe &hellip; <\/p>\n<p class=\"link-more\"><a href=\"https:\/\/susannealbers.de\/blog\/2018\/09\/30\/susanne-albers-wohnt-seit-30-jahren-in-berlin\/\" class=\"more-link\">Continue reading<span class=\"screen-reader-text\"> &#8220;Susanne Albers wohnt seit 30 Jahren in Berlin&#8221;<\/span><\/a><\/p>\n","protected":false},"author":1,"featured_media":0,"comment_status":"open","ping_status":"open","sticky":false,"template":"","format":"standard","meta":{"footnotes":""},"categories":[1],"tags":[3260,20,4],"class_list":["post-4390","post","type-post","status-publish","format-standard","hentry","category-allgemein","tag-30-jahre","tag-berlin","tag-susanne-albers"],"_links":{"self":[{"href":"https:\/\/susannealbers.de\/blog\/wp-json\/wp\/v2\/posts\/4390","targetHints":{"allow":["GET"]}}],"collection":[{"href":"https:\/\/susannealbers.de\/blog\/wp-json\/wp\/v2\/posts"}],"about":[{"href":"https:\/\/susannealbers.de\/blog\/wp-json\/wp\/v2\/types\/post"}],"author":[{"embeddable":true,"href":"https:\/\/susannealbers.de\/blog\/wp-json\/wp\/v2\/users\/1"}],"replies":[{"embeddable":true,"href":"https:\/\/susannealbers.de\/blog\/wp-json\/wp\/v2\/comments?post=4390"}],"version-history":[{"count":2,"href":"https:\/\/susannealbers.de\/blog\/wp-json\/wp\/v2\/posts\/4390\/revisions"}],"predecessor-version":[{"id":4393,"href":"https:\/\/susannealbers.de\/blog\/wp-json\/wp\/v2\/posts\/4390\/revisions\/4393"}],"wp:attachment":[{"href":"https:\/\/susannealbers.de\/blog\/wp-json\/wp\/v2\/media?parent=4390"}],"wp:term":[{"taxonomy":"category","embeddable":true,"href":"https:\/\/susannealbers.de\/blog\/wp-json\/wp\/v2\/categories?post=4390"},{"taxonomy":"post_tag","embeddable":true,"href":"https:\/\/susannealbers.de\/blog\/wp-json\/wp\/v2\/tags?post=4390"}],"curies":[{"name":"wp","href":"https:\/\/api.w.org\/{rel}","templated":true}]}}