{"id":3434,"date":"2014-01-09T07:57:06","date_gmt":"2014-01-09T06:57:06","guid":{"rendered":"http:\/\/susannealbers.de\/blog\/?p=3434"},"modified":"2014-01-09T07:57:06","modified_gmt":"2014-01-09T06:57:06","slug":"die-kardinals-und-gottestugenden-und-das-gesetz","status":"publish","type":"post","link":"https:\/\/susannealbers.de\/blog\/2014\/01\/09\/die-kardinals-und-gottestugenden-und-das-gesetz\/","title":{"rendered":"Die Kardinals- und Gottestugenden und das Gesetz"},"content":{"rendered":"<p><a href=\"https:\/\/susannealbers.de\/blog\/wp-content\/uploads\/2014\/01\/4virtue2blog.jpg\"><img loading=\"lazy\" decoding=\"async\" src=\"https:\/\/susannealbers.de\/blog\/wp-content\/uploads\/2014\/01\/4virtue2blog.jpg\" alt=\"4virtue2blog\" width=\"470\" height=\"304\" class=\"alignleft size-full wp-image-3430\" srcset=\"https:\/\/susannealbers.de\/blog\/wp-content\/uploads\/2014\/01\/4virtue2blog.jpg 470w, https:\/\/susannealbers.de\/blog\/wp-content\/uploads\/2014\/01\/4virtue2blog-300x194.jpg 300w\" sizes=\"auto, (max-width: 470px) 100vw, 470px\" \/><\/a><\/p>\n<p><strong>Die Kardinals- und Gottestugenden und das Gesetz &#8211; einz. Tugenden<\/strong><\/p>\n<p><a href=\"http:\/\/www.susannealbers.de\/01kunst-stanzen13c-erkl.html\" title=\"http:\/\/www.susannealbers.de\/01kunst-stanzen13c-erkl.html\" target=\"_blank\">http:\/\/www.susannealbers.de\/01kunst-stanzen13c-erkl.html<\/a><\/p>\n<p>Kardinals- und Gottestugenden und das Gesetz<\/p>\n<p>Auf der Wand gegen\u00fcber dem &#8220;Parnass&#8221; werden die Kardinalstugenden und die drei theologischen Tugenden als Ausdruck des subjektiven Guten gezeigt: die Kraft tr\u00e4gt einen Eichenzweig, die Klugheit mit doppeltem Gesicht, bewundert sich im Spiegel, die M\u00e4\u00dfigung h\u00e4lt die Z\u00fcgel &#8211; und die Gerechtigkeit ist auf dem Deckengew\u00f6lbe gemalt. Die theologischen Tugenden werden in Form von kleinen Putten dargestellt: Der Glaube weist zum Himmel, die Hoffnung h\u00e4lt eine Fackel hoch, die Liebe sch\u00fcttelt Eichen vom Baum der St\u00e4rke. Unter dem Fenster sind zwei historische Szenen dem kirchlichen und weltlichen Recht, der Verk\u00f6rperung des objektiven Guten gewidmet. Links \u00fcbergibt der heilige Raimund von Penafort Papst Gregor IX. die Dekretalen (Julius II. als Gregor IX., ihm zur Linken erkennt man seine drei Lieblingskardin\u00e4le: Giovanni di Medici, der sp\u00e4tere Clemens VII., hinter ihm Alessandro Farnese (Paul III.) und Antonio del Monte). Die Ausf\u00fchrung der \u00dcbergabe der Pandekten an Kaiser Justinian stammt von Lorenzo Lotto.<\/p>\n","protected":false},"excerpt":{"rendered":"<p>Die Kardinals- und Gottestugenden und das Gesetz &#8211; einz. Tugenden http:\/\/www.susannealbers.de\/01kunst-stanzen13c-erkl.html Kardinals- und Gottestugenden und das Gesetz Auf der Wand gegen\u00fcber dem &#8220;Parnass&#8221; werden die Kardinalstugenden und die drei theologischen Tugenden als Ausdruck des subjektiven Guten gezeigt: die Kraft tr\u00e4gt einen Eichenzweig, die Klugheit mit doppeltem Gesicht, bewundert sich im Spiegel, die M\u00e4\u00dfigung h\u00e4lt die &hellip; <\/p>\n<p class=\"link-more\"><a href=\"https:\/\/susannealbers.de\/blog\/2014\/01\/09\/die-kardinals-und-gottestugenden-und-das-gesetz\/\" class=\"more-link\">Continue reading<span class=\"screen-reader-text\"> &#8220;Die Kardinals- und Gottestugenden und das Gesetz&#8221;<\/span><\/a><\/p>\n","protected":false},"author":1,"featured_media":0,"comment_status":"open","ping_status":"open","sticky":false,"template":"","format":"standard","meta":{"footnotes":""},"categories":[1],"tags":[2895,2894,2374],"class_list":["post-3434","post","type-post","status-publish","format-standard","hentry","category-allgemein","tag-einzelne-tugenden","tag-kardinals-und-gottestugenden-und-das-gesetz","tag-raffael"],"_links":{"self":[{"href":"https:\/\/susannealbers.de\/blog\/wp-json\/wp\/v2\/posts\/3434","targetHints":{"allow":["GET"]}}],"collection":[{"href":"https:\/\/susannealbers.de\/blog\/wp-json\/wp\/v2\/posts"}],"about":[{"href":"https:\/\/susannealbers.de\/blog\/wp-json\/wp\/v2\/types\/post"}],"author":[{"embeddable":true,"href":"https:\/\/susannealbers.de\/blog\/wp-json\/wp\/v2\/users\/1"}],"replies":[{"embeddable":true,"href":"https:\/\/susannealbers.de\/blog\/wp-json\/wp\/v2\/comments?post=3434"}],"version-history":[{"count":1,"href":"https:\/\/susannealbers.de\/blog\/wp-json\/wp\/v2\/posts\/3434\/revisions"}],"predecessor-version":[{"id":3435,"href":"https:\/\/susannealbers.de\/blog\/wp-json\/wp\/v2\/posts\/3434\/revisions\/3435"}],"wp:attachment":[{"href":"https:\/\/susannealbers.de\/blog\/wp-json\/wp\/v2\/media?parent=3434"}],"wp:term":[{"taxonomy":"category","embeddable":true,"href":"https:\/\/susannealbers.de\/blog\/wp-json\/wp\/v2\/categories?post=3434"},{"taxonomy":"post_tag","embeddable":true,"href":"https:\/\/susannealbers.de\/blog\/wp-json\/wp\/v2\/tags?post=3434"}],"curies":[{"name":"wp","href":"https:\/\/api.w.org\/{rel}","templated":true}]}}