{"id":34,"date":"2010-02-07T15:01:37","date_gmt":"2010-02-07T14:01:37","guid":{"rendered":"http:\/\/susannealbers.de\/blog\/?p=34"},"modified":"2010-02-07T15:01:37","modified_gmt":"2010-02-07T14:01:37","slug":"es-schillert-%e2%80%93-die-opernrallye","status":"publish","type":"post","link":"https:\/\/susannealbers.de\/blog\/2010\/02\/07\/es-schillert-%e2%80%93-die-opernrallye\/","title":{"rendered":"Es schillert. \u2013 die Opernrallye"},"content":{"rendered":"<p>Am 6. M\u00e4rz 2010 um 15:00 bzw. 19:00 Uhr ist es wieder soweit. In der Staatsoper unter den Linden findet die Opernrallye statt.<br \/>\nDie Tage bis zum Umzug in das Schiller Theater sind gez\u00e4hlt. Ein letztes Mal geht es mit der Opernrallye durch die labyrinthischen G\u00e4nge des Hauses am Bebelplatz, vorbei an br\u00f6ckelndem Putz, rissigen W\u00e4nden und Wasserflecken. Da schillert uns nicht nur das frisch renovierte Haus entgegen, sondern sein Namenspatron, dessen 250. Geburtstag dieses Jahr gefeiert wird, fordert dazu auf, sich mit den Vertonungen zu besch\u00e4ftigen, die nach seinen Werken entstanden sind.<br \/>\nZu erleben gibt es mehr als man an einem \u00bbnormalen\u00ab Opernabend von seinem Sitzplatz aus sieht: zum Beispiel das Spielen einer Szene, L\u00f6sen von Wissensfragen, handwerkliches Geschick, Tanzschritte oder \u00bbUm-die-Ecke-denken\u00ab sind gefragt. Wem es gelingt, alle R\u00e4tsel zu l\u00f6sen, dem ist der Sieg bei der Opernrallye kaum zu nehmen.<br \/>\nDauer ca. 3 Stunden.<br \/>\nMindestalter: 15 Jahre<br \/>\nKarten 6.- Euro<\/p>\n<p><a target=\"_blank\" href=\"http:\/\/www.staatsoper-berlin.org\/\">Staatsoper Berlin<\/a><\/p>\n","protected":false},"excerpt":{"rendered":"<p>Am 6. M\u00e4rz 2010 um 15:00 bzw. 19:00 Uhr ist es wieder soweit. In der Staatsoper unter den Linden findet die Opernrallye statt. Die Tage bis zum Umzug in das Schiller Theater sind gez\u00e4hlt. Ein letztes Mal geht es mit der Opernrallye durch die labyrinthischen G\u00e4nge des Hauses am Bebelplatz, vorbei an br\u00f6ckelndem Putz, rissigen &hellip; <\/p>\n<p class=\"link-more\"><a href=\"https:\/\/susannealbers.de\/blog\/2010\/02\/07\/es-schillert-%e2%80%93-die-opernrallye\/\" class=\"more-link\">Continue reading<span class=\"screen-reader-text\"> &#8220;Es schillert. \u2013 die Opernrallye&#8221;<\/span><\/a><\/p>\n","protected":false},"author":1,"featured_media":0,"comment_status":"open","ping_status":"open","sticky":false,"template":"","format":"standard","meta":{"footnotes":""},"categories":[1],"tags":[27,25,23,24,26],"class_list":["post-34","post","type-post","status-publish","format-standard","hentry","category-allgemein","tag-musik","tag-oper","tag-opernrallye","tag-staatsoper","tag-unter-den-linden"],"_links":{"self":[{"href":"https:\/\/susannealbers.de\/blog\/wp-json\/wp\/v2\/posts\/34","targetHints":{"allow":["GET"]}}],"collection":[{"href":"https:\/\/susannealbers.de\/blog\/wp-json\/wp\/v2\/posts"}],"about":[{"href":"https:\/\/susannealbers.de\/blog\/wp-json\/wp\/v2\/types\/post"}],"author":[{"embeddable":true,"href":"https:\/\/susannealbers.de\/blog\/wp-json\/wp\/v2\/users\/1"}],"replies":[{"embeddable":true,"href":"https:\/\/susannealbers.de\/blog\/wp-json\/wp\/v2\/comments?post=34"}],"version-history":[{"count":2,"href":"https:\/\/susannealbers.de\/blog\/wp-json\/wp\/v2\/posts\/34\/revisions"}],"predecessor-version":[{"id":36,"href":"https:\/\/susannealbers.de\/blog\/wp-json\/wp\/v2\/posts\/34\/revisions\/36"}],"wp:attachment":[{"href":"https:\/\/susannealbers.de\/blog\/wp-json\/wp\/v2\/media?parent=34"}],"wp:term":[{"taxonomy":"category","embeddable":true,"href":"https:\/\/susannealbers.de\/blog\/wp-json\/wp\/v2\/categories?post=34"},{"taxonomy":"post_tag","embeddable":true,"href":"https:\/\/susannealbers.de\/blog\/wp-json\/wp\/v2\/tags?post=34"}],"curies":[{"name":"wp","href":"https:\/\/api.w.org\/{rel}","templated":true}]}}