{"id":3387,"date":"2013-12-23T02:19:32","date_gmt":"2013-12-23T01:19:32","guid":{"rendered":"http:\/\/susannealbers.de\/blog\/?p=3387"},"modified":"2013-12-23T02:19:32","modified_gmt":"2013-12-23T01:19:32","slug":"matthias-claudius-abendlied-luckentextquiz","status":"publish","type":"post","link":"https:\/\/susannealbers.de\/blog\/2013\/12\/23\/matthias-claudius-abendlied-luckentextquiz\/","title":{"rendered":"Matthias Claudius Abendlied &#8211; L\u00fcckentextquiz"},"content":{"rendered":"<p><a href=\"http:\/\/www.susannealbers.de\/03philosophie-claudiusabendluecke.html\" title=\"http:\/\/www.susannealbers.de\/03philosophie-claudiusabendluecke.html\" target=\"_blank\">http:\/\/www.susannealbers.de\/03philosophie-claudiusabendluecke.html<\/a><\/p>\n<p>Was meint Ihr?<\/p>\n<p>Auch das kennen wir alle. Hier ist einmal ein L\u00fcckentext Quiz.<\/p>\n<p>Abendlied<\/p>\n<p>Der Mond ist aufgegangen<br \/>\nDie goldnen Sternlein prangen<br \/>\nAm Himmel hell und klar;<br \/>\nDer Wald steht schwarz und schweiget,<br \/>\nUnd aus den Wiesen steiget<br \/>\nDer wei\u00dfe Nebel wunderbar. <\/p>\n<p>Wie ist die Welt so stille,<br \/>\nUnd in der D\u00e4mmrung H\u00fclle<br \/>\nSo traulich und so hold!<br \/>\nAls eine stille Kammer,<br \/>\nWo ihr des Tages Jammer<br \/>\nVerschlafen und vergessen sollt. <\/p>\n<p>Seht ihr den Mond dort stehen? &#8211;<br \/>\nEr ist nur halb zu sehen,<br \/>\nUnd ist doch rund und sch\u00f6n!<br \/>\nSo sind wohl manche Sachen,<br \/>\nDie wir getrost belachen,<br \/>\nWeil unsre Augen sie nicht sehn. <\/p>\n<p>Wir stolze Menschenkinder<br \/>\nSind eitel arme S\u00fcnder<br \/>\nUnd wissen gar nicht viel;<br \/>\nWir spinnen Luftgespinste<br \/>\nUnd suchen viele K\u00fcnste<br \/>\nUnd kommen weiter von dem Ziel. <\/p>\n<p>Gott, la\u00df uns dein Heil schauen,<br \/>\nAuf nichts Verg\u00e4nglichs trauen,<br \/>\nNicht Eitelkeit uns freun!<br \/>\nLa\u00df uns einf\u00e4ltig werden<br \/>\nUnd vor dir hier auf Erden<br \/>\nWie Kinder fromm und fr\u00f6hlich sein! <\/p>\n<p>Wollst endlich sonder Gr\u00e4men<br \/>\nAus dieser Welt uns nehmen<br \/>\nDurch einen sanften Tod!<br \/>\nUnd, wenn du uns genommen,<br \/>\nLa\u00df uns in Himmel kommen,<br \/>\nDu unser Herr und unser Gott! <\/p>\n<p>So legt euch denn, ihr Br\u00fcder,<br \/>\nIn Gottes Namen nieder;<br \/>\nKalt ist der Abendhauch.<br \/>\nVerschon uns, Gott! mit Strafen,<br \/>\nUnd la\u00df uns ruhig schlafen!<br \/>\nUnd unsern kranken Nachbar auch!<br \/>\nMatthias Claudius<\/p>\n","protected":false},"excerpt":{"rendered":"<p>http:\/\/www.susannealbers.de\/03philosophie-claudiusabendluecke.html Was meint Ihr? Auch das kennen wir alle. Hier ist einmal ein L\u00fcckentext Quiz. Abendlied Der Mond ist aufgegangen Die goldnen Sternlein prangen Am Himmel hell und klar; Der Wald steht schwarz und schweiget, Und aus den Wiesen steiget Der wei\u00dfe Nebel wunderbar. Wie ist die Welt so stille, Und in der D\u00e4mmrung H\u00fclle &hellip; <\/p>\n<p class=\"link-more\"><a href=\"https:\/\/susannealbers.de\/blog\/2013\/12\/23\/matthias-claudius-abendlied-luckentextquiz\/\" class=\"more-link\">Continue reading<span class=\"screen-reader-text\"> &#8220;Matthias Claudius Abendlied &#8211; L\u00fcckentextquiz&#8221;<\/span><\/a><\/p>\n","protected":false},"author":1,"featured_media":0,"comment_status":"open","ping_status":"open","sticky":false,"template":"","format":"standard","meta":{"footnotes":""},"categories":[1],"tags":[2874,2685,2873,2348],"class_list":["post-3387","post","type-post","status-publish","format-standard","hentry","category-allgemein","tag-abendlied","tag-luckentext","tag-matthias-claudius","tag-quiz"],"_links":{"self":[{"href":"https:\/\/susannealbers.de\/blog\/wp-json\/wp\/v2\/posts\/3387","targetHints":{"allow":["GET"]}}],"collection":[{"href":"https:\/\/susannealbers.de\/blog\/wp-json\/wp\/v2\/posts"}],"about":[{"href":"https:\/\/susannealbers.de\/blog\/wp-json\/wp\/v2\/types\/post"}],"author":[{"embeddable":true,"href":"https:\/\/susannealbers.de\/blog\/wp-json\/wp\/v2\/users\/1"}],"replies":[{"embeddable":true,"href":"https:\/\/susannealbers.de\/blog\/wp-json\/wp\/v2\/comments?post=3387"}],"version-history":[{"count":1,"href":"https:\/\/susannealbers.de\/blog\/wp-json\/wp\/v2\/posts\/3387\/revisions"}],"predecessor-version":[{"id":3388,"href":"https:\/\/susannealbers.de\/blog\/wp-json\/wp\/v2\/posts\/3387\/revisions\/3388"}],"wp:attachment":[{"href":"https:\/\/susannealbers.de\/blog\/wp-json\/wp\/v2\/media?parent=3387"}],"wp:term":[{"taxonomy":"category","embeddable":true,"href":"https:\/\/susannealbers.de\/blog\/wp-json\/wp\/v2\/categories?post=3387"},{"taxonomy":"post_tag","embeddable":true,"href":"https:\/\/susannealbers.de\/blog\/wp-json\/wp\/v2\/tags?post=3387"}],"curies":[{"name":"wp","href":"https:\/\/api.w.org\/{rel}","templated":true}]}}