{"id":288,"date":"2010-02-08T03:54:13","date_gmt":"2010-02-08T02:54:13","guid":{"rendered":"http:\/\/susannealbers.de\/blog\/?p=288"},"modified":"2012-11-23T07:55:56","modified_gmt":"2012-11-23T06:55:56","slug":"beethoven-fidelio","status":"publish","type":"post","link":"https:\/\/susannealbers.de\/blog\/2010\/02\/08\/beethoven-fidelio\/","title":{"rendered":"Beethoven &#8211; Fidelio"},"content":{"rendered":"<p><a href=\"https:\/\/susannealbers.de\/blog\/wp-content\/uploads\/2010\/02\/staatsoper.jpg\"><img loading=\"lazy\" decoding=\"async\" src=\"https:\/\/susannealbers.de\/blog\/wp-content\/uploads\/2010\/02\/staatsoper.jpg\" alt=\"staatsoper\" title=\"staatsoper\" width=\"470\" height=\"353\" class=\"aligncenter size-full wp-image-287\" srcset=\"https:\/\/susannealbers.de\/blog\/wp-content\/uploads\/2010\/02\/staatsoper.jpg 470w, https:\/\/susannealbers.de\/blog\/wp-content\/uploads\/2010\/02\/staatsoper-300x225.jpg 300w\" sizes=\"auto, (max-width: 470px) 100vw, 470px\" \/><\/a><\/p>\n<p>Meine Lieblingsoper ist Fidelio von Ludwig van Beethoven. 2008 habe ich sie zum letzten Mal in der <a target=\"_blank\" href=\"http:\/\/www.staatsoper-berlin.org\/\">Staatsoper Unter den Linden<\/a> erlebt. Bettina und ich hatten billige 10 Euro Pl\u00e4tze. Das Photo habe ich vom obersten Balkon gemacht. <\/p>\n<p>Fidelio spielt sich in einer geschichtlichen Periode von politischer Unterdr\u00fcckung ab. Der edle, k\u00fchne Freiheitsk\u00e4mpfer Florestan sitzt auf Befehl seines erbarmungslosen Feindes Pizarro, des Gouverneurs des Staatsgef\u00e4ngnisses, in einem dunklen Kerker in Haft. Dort verhungert er langsam. In der Zwischenzeit hat seine Frau Leonore, die nicht wei\u00df, wo er ist, die Nachricht von seinem Tod erreicht. In letzter Verzweiflung entschlie\u00dft sie sich, Pizarros Gef\u00e4ngnis aufzusuchen, ihren Mann ausfindig zu machen und ihn zu befreien. Zur Ausf\u00fchrung ihres Planes verkleidet sie sich als J\u00fcngling Fidelio und nimmt eine Stelle als Helfer des Kerkermeisters Rocco an. Die Lage wird noch schwieriger, als sich Roccos Tochter Marzelline in den h\u00fcbschen J\u00fcngling verliebt und somit die Eifersucht von Jaquino, Roccos Pf\u00f6rtner, erregt, der das M\u00e4dchen heiraten will. Die seltsam romantische Verirrung von Gef\u00fchlen wird mit wundervoller Feinf\u00fchligkeit in dem kanonartigen Quartett (\u201dMir ist so wunderbar!\u201d) herausgebracht. Florestans erbitterter Feind Pizarro hat erfahren, da\u00df der Minister plant, dem Gef\u00e4ngnis einen Besuch abzustatten (\u201dHa, welch\u2019 ein Augenblich\u201d). Pizarro ist entschlossen, Florestan noch vor der Ankunft des Ministers umzubringen und befiehlt Rocco, ein Grab zu schaufeln. Als Rocco jedoch vor dem Mord zur\u00fcckschreckt, beschlie\u00dft Pizarro, die Tat selbst zu begehen. Leonore belauscht die Verschw\u00f6rung, und als die beiden M\u00e4nner abtreten, kommt sie aus ihrem Versteck hervor und ergie\u00dft ihre Emp\u00f6rung (\u201dAbscheulicher! wo eilst du hin\u201d). Ihrer Bitte folgend, erlaubt Rocco den Gefangenen in den Gef\u00e4ngnishof zu treten, um wenigstens einen Augenblick die frische Luft und die Sonne genie\u00dfen zu k\u00f6nnen. Als die M\u00e4nner staunend ans Tageslicht treten, sind ihre Augen geblentet, und als Ausdruck ihres Verlangens nach Freiheit und ihrer vereitelten Freuden stimmen sie in den herrlichen Chor (\u201dO welche Lust!\u201d) ein. Erwartungsvoll l\u00e4\u00dft Leonore ihre Augen \u00fcber die Gesichter wandern, kann aber Florestan nicht unter ihnen finden. Trotzdem erwacht in Leonore neue Hoffnung, als sie erf\u00e4hrt, da\u00df sie Rocco in den Kerker hinab begleiten soll. Quelle: <a target=\"_blank\" href=\"http:\/\/www.klassika.info\/\">Klassika Info<\/a><\/p>\n<p>Finale &#8211; Oh, welche Lust Chor \/ zwei Gefangene <\/p>\n<p>GEFANGENEN<br \/>\nO, welche Lust!<br \/>\nin freier Luft den Atem<br \/>\nleicht zu heben, O, welche Lust!<br \/>\nnur hier, nur hier ist Leben,<br \/>\nder Kerker eine Gruft!<\/p>\n<p>ERSTER GEFANGENE<br \/>\nWir wollen mit Vertrauen<br \/>\nauf Gottes H\u00fclfe,<br \/>\nauf Gottes H\u00fclfe bauen,<br \/>\ndie Hoffnung fl\u00fcstert sanft mir zu,<br \/>\nwir werden frei,<br \/>\nwir finden Ruh\u2019.<\/p>\n<p>GEFANGENEN<br \/>\n(jeder f\u00fcr sich)<\/p>\n<p>O Himmel Rettung,<br \/>\nwelch ein Gl\u00fcck,<br \/>\no Freiheit, Freiheit,<br \/>\nkehrst du zur\u00fcck?<\/p>\n<p>ZWEITE GEFANGENE<br \/>\nSprecht leise, haltet euch zur\u00fcck,<br \/>\nwir sind belauscht mir<br \/>\nOhr und Blick.<\/p>\n<p>GEFANGENEN<br \/>\nSprecht leise, haltet euch zur\u00fcck,<br \/>\nwir sind belauscht mir<br \/>\nOhr und Blick.<br \/>\nSprecht leise, ja leise!<br \/>\nO welche Lust!<br \/>\nIn freier Luft<br \/>\nden Atem leicht zu heben!<br \/>\nO welche Lust!<br \/>\nNur hier,<br \/>\nnur hier ist Leben.<br \/>\nSprecht leise,<br \/>\nhaltet euch zur\u00fcck!<br \/>\nWir sind belauscht<br \/>\nmit Ohr und Blick. <\/p>\n","protected":false},"excerpt":{"rendered":"<p>Meine Lieblingsoper ist Fidelio von Ludwig van Beethoven. 2008 habe ich sie zum letzten Mal in der Staatsoper Unter den Linden erlebt. Bettina und ich hatten billige 10 Euro Pl\u00e4tze. Das Photo habe ich vom obersten Balkon gemacht. Fidelio spielt sich in einer geschichtlichen Periode von politischer Unterdr\u00fcckung ab. Der edle, k\u00fchne Freiheitsk\u00e4mpfer Florestan sitzt &hellip; <\/p>\n<p class=\"link-more\"><a href=\"https:\/\/susannealbers.de\/blog\/2010\/02\/08\/beethoven-fidelio\/\" class=\"more-link\">Continue reading<span class=\"screen-reader-text\"> &#8220;Beethoven &#8211; Fidelio&#8221;<\/span><\/a><\/p>\n","protected":false},"author":1,"featured_media":0,"comment_status":"open","ping_status":"open","sticky":false,"template":"","format":"standard","meta":{"footnotes":""},"categories":[1],"tags":[285,20,286,25,287],"class_list":["post-288","post","type-post","status-publish","format-standard","hentry","category-allgemein","tag-beethoven","tag-berlin","tag-fidelio","tag-oper","tag-staatsoper-unter-den-linden"],"_links":{"self":[{"href":"https:\/\/susannealbers.de\/blog\/wp-json\/wp\/v2\/posts\/288","targetHints":{"allow":["GET"]}}],"collection":[{"href":"https:\/\/susannealbers.de\/blog\/wp-json\/wp\/v2\/posts"}],"about":[{"href":"https:\/\/susannealbers.de\/blog\/wp-json\/wp\/v2\/types\/post"}],"author":[{"embeddable":true,"href":"https:\/\/susannealbers.de\/blog\/wp-json\/wp\/v2\/users\/1"}],"replies":[{"embeddable":true,"href":"https:\/\/susannealbers.de\/blog\/wp-json\/wp\/v2\/comments?post=288"}],"version-history":[{"count":3,"href":"https:\/\/susannealbers.de\/blog\/wp-json\/wp\/v2\/posts\/288\/revisions"}],"predecessor-version":[{"id":2969,"href":"https:\/\/susannealbers.de\/blog\/wp-json\/wp\/v2\/posts\/288\/revisions\/2969"}],"wp:attachment":[{"href":"https:\/\/susannealbers.de\/blog\/wp-json\/wp\/v2\/media?parent=288"}],"wp:term":[{"taxonomy":"category","embeddable":true,"href":"https:\/\/susannealbers.de\/blog\/wp-json\/wp\/v2\/categories?post=288"},{"taxonomy":"post_tag","embeddable":true,"href":"https:\/\/susannealbers.de\/blog\/wp-json\/wp\/v2\/tags?post=288"}],"curies":[{"name":"wp","href":"https:\/\/api.w.org\/{rel}","templated":true}]}}