{"id":2099,"date":"2011-05-19T00:07:08","date_gmt":"2011-05-18T23:07:08","guid":{"rendered":"http:\/\/susannealbers.de\/blog\/?p=2099"},"modified":"2011-05-19T00:10:19","modified_gmt":"2011-05-18T23:10:19","slug":"keine-papstrede-im-bundestag","status":"publish","type":"post","link":"https:\/\/susannealbers.de\/blog\/2011\/05\/19\/keine-papstrede-im-bundestag\/","title":{"rendered":"Keine Papstrede im Bundestag"},"content":{"rendered":"<p>Petition: Keine Papstrede im Bundestag<\/p>\n<p>P R O T E S T &#8211; P R O T E S T &#8211; P R O T E S T<\/p>\n<p>Opium f\u00fcr die Abgeordneten und Weihrauch f\u00fcr das Volk &#8211; dagegen protestieren wir. Deshalb: Keine Papstrede im Deutschen Bundestag<\/p>\n<p>==================================================================<\/p>\n<p>S K A N D A L &#8211; S K A N D A L &#8211; S K A N D A L<\/p>\n<p>Sehr geehrte Abgeordnete des Deutschen Bundestags!<br \/>\nDie Unterzeichner der nachstehenden Petition wenden sich dagegen, dass ein Mann, der in seinem Amt Kindersch\u00e4nder sch\u00fctzt, im Bundestag spricht. Aus diesem Grund fordern wir Sie auf, die f\u00fcr den 22. September 2011 im Reichstag geplante Rede des Papstes der r\u00f6misch-katholischen Kirche, Joseph Ratzinger, wieder abzusagen.<\/p>\n<p>__________________________________________________________________<\/p>\n<p>Die Gr\u00fcnde:<\/p>\n<p>1)<br \/>\nJoseph Ratzinger hat als Kardinal und als Papst ein weltweites System der Vertuschung klerikaler Sexualverbrechen errichtet und aufrecht erhalten und damit den Seelenmord an Kindern und Jugendlichen beg\u00fcnstigt.<br \/>\n2)<br \/>\nJoseph Ratzinger ist daf\u00fcr verantwortlich, dass das gesundheitsgef\u00e4hrdende und zum Teil todbringende Kondomverbot der katholischen Kirche trotz der HIV\/Aids-Gefahren weiterhin aufrecht erhalten wird.<br \/>\n3)<br \/>\nNach der Lehre des Papstes der r\u00f6misch-katholischen Kirche sind die meisten Menschen weltweit und auch die meisten Bundestagsabgeordneten Deutschlands auf ewig verdammte \u201eKetzer\u201c.<br \/>\n4)<br \/>\nVon einem \u201eStaatsbesuch\u201c des Papstes in der Bundesrepublik Deutschland zu sprechen, ist unseri\u00f6s. Es handelt sich eindeutig um einen Besuch im Dienste der \u201eWeltmission\u201c der r\u00f6misch-katholischen Kirche. Daf\u00fcr ist der Bundestag nicht der richtige Ort.<br \/>\n5)<br \/>\nDie Verfassungs-Prinzipien des Vatikanstaats und die Prinzipien der freiheitlichen Demokratie der Bundesrepublik Deutschland sind miteinander unvereinbar.<\/p>\n<p>Aus den dargelegten Gr\u00fcnden m\u00f6ge der Bundestag der Bundesrepublik Deutschland beschlie\u00dfen:<br \/>\n\u201cDie bisher vorgesehene Rede von Papst Joseph Ratzinger bzw. Benedikt XVI. vor dem Deutschen Bundestag im September 2011 wird abgesagt. Das Besuchsprogramm wird entsprechend ge\u00e4ndert.\u201c<\/p>\n<p>http:\/\/www.freie-buerger-fuer-demokratische-werte.de\/hiermit-unterstuetze-ich-die-petition\/index.php<\/p>\n<p><a target=\"_blank\" href=\"http:\/\/www.freie-buerger-fuer-demokratische-werte.de\/hiermit-unterstuetze-ich-die-petition\/index.php\">Petition unterzeichnen<\/a><\/p>\n","protected":false},"excerpt":{"rendered":"<p>Petition: Keine Papstrede im Bundestag P R O T E S T &#8211; P R O T E S T &#8211; P R O T E S T Opium f\u00fcr die Abgeordneten und Weihrauch f\u00fcr das Volk &#8211; dagegen protestieren wir. Deshalb: Keine Papstrede im Deutschen Bundestag ================================================================== S K A N D A L &hellip; <\/p>\n<p class=\"link-more\"><a href=\"https:\/\/susannealbers.de\/blog\/2011\/05\/19\/keine-papstrede-im-bundestag\/\" class=\"more-link\">Continue reading<span class=\"screen-reader-text\"> &#8220;Keine Papstrede im Bundestag&#8221;<\/span><\/a><\/p>\n","protected":false},"author":1,"featured_media":0,"comment_status":"open","ping_status":"open","sticky":false,"template":"","format":"standard","meta":{"footnotes":""},"categories":[1],"tags":[1429,2036,477,250,2035],"class_list":["post-2099","post","type-post","status-publish","format-standard","hentry","category-allgemein","tag-benedikt-xvi","tag-bundestag","tag-kirche","tag-papst","tag-papst-joseph-ratzinger"],"_links":{"self":[{"href":"https:\/\/susannealbers.de\/blog\/wp-json\/wp\/v2\/posts\/2099","targetHints":{"allow":["GET"]}}],"collection":[{"href":"https:\/\/susannealbers.de\/blog\/wp-json\/wp\/v2\/posts"}],"about":[{"href":"https:\/\/susannealbers.de\/blog\/wp-json\/wp\/v2\/types\/post"}],"author":[{"embeddable":true,"href":"https:\/\/susannealbers.de\/blog\/wp-json\/wp\/v2\/users\/1"}],"replies":[{"embeddable":true,"href":"https:\/\/susannealbers.de\/blog\/wp-json\/wp\/v2\/comments?post=2099"}],"version-history":[{"count":5,"href":"https:\/\/susannealbers.de\/blog\/wp-json\/wp\/v2\/posts\/2099\/revisions"}],"predecessor-version":[{"id":2102,"href":"https:\/\/susannealbers.de\/blog\/wp-json\/wp\/v2\/posts\/2099\/revisions\/2102"}],"wp:attachment":[{"href":"https:\/\/susannealbers.de\/blog\/wp-json\/wp\/v2\/media?parent=2099"}],"wp:term":[{"taxonomy":"category","embeddable":true,"href":"https:\/\/susannealbers.de\/blog\/wp-json\/wp\/v2\/categories?post=2099"},{"taxonomy":"post_tag","embeddable":true,"href":"https:\/\/susannealbers.de\/blog\/wp-json\/wp\/v2\/tags?post=2099"}],"curies":[{"name":"wp","href":"https:\/\/api.w.org\/{rel}","templated":true}]}}