{"id":2053,"date":"2011-03-05T04:22:36","date_gmt":"2011-03-05T03:22:36","guid":{"rendered":"http:\/\/susannealbers.de\/blog\/?p=2053"},"modified":"2011-03-05T04:22:36","modified_gmt":"2011-03-05T03:22:36","slug":"gdl-bitte-kein-streik-am-16-marz","status":"publish","type":"post","link":"https:\/\/susannealbers.de\/blog\/2011\/03\/05\/gdl-bitte-kein-streik-am-16-marz\/","title":{"rendered":"GDL bitte kein Streik am 16. M\u00e4rz"},"content":{"rendered":"<p>Liebe Lokf\u00fchrer,<\/p>\n<p>ich habe gr\u00f6\u00dftes Verst\u00e4ndnis f\u00fcr Ihre Forderungen und Ihren Streik&#8230;..<\/p>\n<p>jedoch&#8230;<\/p>\n<p>ich leide unter Gef\u00e4\u00dfaussackungen im Gehirn (Aneurysmen) und mu\u00df am 16.03. um 8:50 Uhr mit dem ICE von Berlin Hauptbahnhof nach Essen Hauptbahnhof ins Krupp-Krankenhaus, um von Prof. Dr. Ren\u00e9 Chapot operiert zu werden. <\/p>\n<p>Davon h\u00e4ngt mein Leben ab. Schon einmal im Jahre 2003 kam es zur Gehirnblutung, weil genau diese PICA Aneurysma geplatzt war.<br \/>\nLesen und sehen Sie bitte meine Homepage:<\/p>\n<p><a href=\"http:\/\/www.susili.de\/14kontakt-op.html\">Susanne Albers &#8211; Aneurysma<\/a><\/p>\n<p>Ohne den Aufenthalt in Essen k\u00f6nnte ich an einer erneuten Hirnblutung sterben.<\/p>\n<p>Bitte haben Sie Verst\u00e4ndnis f\u00fcr meine Situation &#8211; danke.<\/p>\n<p>Herzliche Gr\u00fc\u00dfe,<br \/>\nSusanne Albers<\/p>\n","protected":false},"excerpt":{"rendered":"<p>Liebe Lokf\u00fchrer, ich habe gr\u00f6\u00dftes Verst\u00e4ndnis f\u00fcr Ihre Forderungen und Ihren Streik&#8230;.. jedoch&#8230; ich leide unter Gef\u00e4\u00dfaussackungen im Gehirn (Aneurysmen) und mu\u00df am 16.03. um 8:50 Uhr mit dem ICE von Berlin Hauptbahnhof nach Essen Hauptbahnhof ins Krupp-Krankenhaus, um von Prof. Dr. Ren\u00e9 Chapot operiert zu werden. Davon h\u00e4ngt mein Leben ab. Schon einmal im &hellip; <\/p>\n<p class=\"link-more\"><a href=\"https:\/\/susannealbers.de\/blog\/2011\/03\/05\/gdl-bitte-kein-streik-am-16-marz\/\" class=\"more-link\">Continue reading<span class=\"screen-reader-text\"> &#8220;GDL bitte kein Streik am 16. M\u00e4rz&#8221;<\/span><\/a><\/p>\n","protected":false},"author":1,"featured_media":0,"comment_status":"open","ping_status":"open","sticky":false,"template":"","format":"standard","meta":{"footnotes":""},"categories":[1],"tags":[2004,2003,2000,2001,2002],"class_list":["post-2053","post","type-post","status-publish","format-standard","hentry","category-allgemein","tag-deutsche-bahn","tag-fernverkehr","tag-gdl","tag-gewerkschaft-deutscher-lokomotivfuhrer","tag-streik"],"_links":{"self":[{"href":"https:\/\/susannealbers.de\/blog\/wp-json\/wp\/v2\/posts\/2053","targetHints":{"allow":["GET"]}}],"collection":[{"href":"https:\/\/susannealbers.de\/blog\/wp-json\/wp\/v2\/posts"}],"about":[{"href":"https:\/\/susannealbers.de\/blog\/wp-json\/wp\/v2\/types\/post"}],"author":[{"embeddable":true,"href":"https:\/\/susannealbers.de\/blog\/wp-json\/wp\/v2\/users\/1"}],"replies":[{"embeddable":true,"href":"https:\/\/susannealbers.de\/blog\/wp-json\/wp\/v2\/comments?post=2053"}],"version-history":[{"count":6,"href":"https:\/\/susannealbers.de\/blog\/wp-json\/wp\/v2\/posts\/2053\/revisions"}],"predecessor-version":[{"id":2059,"href":"https:\/\/susannealbers.de\/blog\/wp-json\/wp\/v2\/posts\/2053\/revisions\/2059"}],"wp:attachment":[{"href":"https:\/\/susannealbers.de\/blog\/wp-json\/wp\/v2\/media?parent=2053"}],"wp:term":[{"taxonomy":"category","embeddable":true,"href":"https:\/\/susannealbers.de\/blog\/wp-json\/wp\/v2\/categories?post=2053"},{"taxonomy":"post_tag","embeddable":true,"href":"https:\/\/susannealbers.de\/blog\/wp-json\/wp\/v2\/tags?post=2053"}],"curies":[{"name":"wp","href":"https:\/\/api.w.org\/{rel}","templated":true}]}}