{"id":1971,"date":"2010-11-18T23:53:05","date_gmt":"2010-11-18T22:53:05","guid":{"rendered":"http:\/\/susannealbers.de\/blog\/?p=1971"},"modified":"2010-11-19T16:21:43","modified_gmt":"2010-11-19T15:21:43","slug":"friedensgebet-am-kommenden-montag-1700uhr","status":"publish","type":"post","link":"https:\/\/susannealbers.de\/blog\/2010\/11\/18\/friedensgebet-am-kommenden-montag-1700uhr\/","title":{"rendered":"Friedensgebet am kommenden Montag 17:00 Uhr"},"content":{"rendered":"<p>Ihr Lieben alle miteinander,<\/p>\n<p>In ganz Deutschland wird am kommenden Montagnachmittag um 17 Uhr f\u00fcr den Frieden in unserem Land gebetet, dass der Terror und die Angst keine Macht \u00fcber uns gewinnt.<\/p>\n<p>Geht einfach mit einer brennenden Kerze auf die Stra\u00dfe \u2013 da wo Ihr um 17 Uhr seid,- und schaut Euch um: es werden andere kommen und Euch suchen, und Ihr werdet in kleinen oder gr\u00f6\u00dferen Gruppen \u2013 aber immer mit Jesus in Eurer Mitte \u2013 den Herrn bitten: <\/p>\n<p>Dein Reich komme, Dein Wille geschehe. Bleibe bei uns. Gib uns Deinen Frieden. Und hilf uns, auch in unseren Feinden das Feuer Deiner Liebe zu entz\u00fcnden. <\/p>\n<p>Es ist doch gerade erst 21 Jahre her, dass solche Gebete Mauern zum einst\u00fcrzen gebracht haben. <\/p>\n<p>Mache dich auf und werde Licht! Und gib (sende) es weiter. Dann \u201ewerden sie kommen, von Osten und von Westen\u2026\u201c <\/p>\n<p>Herzliche Gr\u00fc\u00dfe<br \/>\nSusanne<\/p>\n","protected":false},"excerpt":{"rendered":"<p>Ihr Lieben alle miteinander, In ganz Deutschland wird am kommenden Montagnachmittag um 17 Uhr f\u00fcr den Frieden in unserem Land gebetet, dass der Terror und die Angst keine Macht \u00fcber uns gewinnt. Geht einfach mit einer brennenden Kerze auf die Stra\u00dfe \u2013 da wo Ihr um 17 Uhr seid,- und schaut Euch um: es werden &hellip; <\/p>\n<p class=\"link-more\"><a href=\"https:\/\/susannealbers.de\/blog\/2010\/11\/18\/friedensgebet-am-kommenden-montag-1700uhr\/\" class=\"more-link\">Continue reading<span class=\"screen-reader-text\"> &#8220;Friedensgebet am kommenden Montag 17:00 Uhr&#8221;<\/span><\/a><\/p>\n","protected":false},"author":1,"featured_media":0,"comment_status":"open","ping_status":"open","sticky":false,"template":"","format":"standard","meta":{"footnotes":""},"categories":[1],"tags":[850,1945,1946,147,1947],"class_list":["post-1971","post","type-post","status-publish","format-standard","hentry","category-allgemein","tag-frieden","tag-friedensgebet","tag-gebet","tag-gott","tag-montagsgebet"],"_links":{"self":[{"href":"https:\/\/susannealbers.de\/blog\/wp-json\/wp\/v2\/posts\/1971","targetHints":{"allow":["GET"]}}],"collection":[{"href":"https:\/\/susannealbers.de\/blog\/wp-json\/wp\/v2\/posts"}],"about":[{"href":"https:\/\/susannealbers.de\/blog\/wp-json\/wp\/v2\/types\/post"}],"author":[{"embeddable":true,"href":"https:\/\/susannealbers.de\/blog\/wp-json\/wp\/v2\/users\/1"}],"replies":[{"embeddable":true,"href":"https:\/\/susannealbers.de\/blog\/wp-json\/wp\/v2\/comments?post=1971"}],"version-history":[{"count":9,"href":"https:\/\/susannealbers.de\/blog\/wp-json\/wp\/v2\/posts\/1971\/revisions"}],"predecessor-version":[{"id":1984,"href":"https:\/\/susannealbers.de\/blog\/wp-json\/wp\/v2\/posts\/1971\/revisions\/1984"}],"wp:attachment":[{"href":"https:\/\/susannealbers.de\/blog\/wp-json\/wp\/v2\/media?parent=1971"}],"wp:term":[{"taxonomy":"category","embeddable":true,"href":"https:\/\/susannealbers.de\/blog\/wp-json\/wp\/v2\/categories?post=1971"},{"taxonomy":"post_tag","embeddable":true,"href":"https:\/\/susannealbers.de\/blog\/wp-json\/wp\/v2\/tags?post=1971"}],"curies":[{"name":"wp","href":"https:\/\/api.w.org\/{rel}","templated":true}]}}