{"id":1938,"date":"2010-10-11T17:54:31","date_gmt":"2010-10-11T16:54:31","guid":{"rendered":"http:\/\/susannealbers.de\/blog\/?p=1938"},"modified":"2015-07-07T11:28:36","modified_gmt":"2015-07-07T10:28:36","slug":"lutt-anna-susanna","status":"publish","type":"post","link":"https:\/\/susannealbers.de\/blog\/2010\/10\/11\/lutt-anna-susanna\/","title":{"rendered":"L\u00fctt Anna Susanna"},"content":{"rendered":"<p>L\u00fctt Anna Susanna<\/p>\n<p>Anna Susanna, stah op un b\u00f6\u00f6t F\u00fc\u00fcr!<br \/>\nOch nee, mien leev Moder dat holt ist to d\u00fc\u00fcr.<br \/>\nFide ra la la la, fide ra la la la,<br \/>\nOch nee, mien leev Moder dat holt ist to d\u00fc\u00fcr. <\/p>\n<p>2. Sch\u00fc\u00fcr mi den Grapen und feeg mi dat Huus,<br \/>\nH\u00fc\u00fct Avend kaamt dree Jungesellen in&#8217;t Huus.<br \/>\nFide ra la la la, fide ra la la la,<br \/>\nH\u00fc\u00fct Avend kaamt dree Jungesellen in&#8217;t Huus. <\/p>\n<p> 3. W\u00fcllt se nich kamen, so w\u00fcllt wi j\u00fcm haaln,<br \/>\nMit Peer und mit Wagen, mit Iesen beslaen.<br \/>\nFide ra la la la, fide ra la la la,<br \/>\nMit Peer und mit Wagen, mit Iesen beslaen. <\/p>\n<p>4. K\u00fcnnt se nich danzen, so w\u00fcllt wi&#8217;t j\u00fcm lehrn,<br \/>\nWi w\u00fcllt j\u00fcm de T\u00fcffeln in Botter \u00fcmkehrn.<br \/>\nFide ra la la la, fide ra la la la,<br \/>\nWi w\u00fcllt j\u00fcm de T\u00fcffeln in Botter \u00fcmkehrn. <\/p>\n<p>5. K\u00fcnnt se nich k\u00fcssen, denn m\u00f6\u00f6t wi&#8217;t j\u00fcm lehrn,<br \/>\nWi w\u00fcllt j\u00fcm dat Maulwark in Botter insmeern.<br \/>\nFide ra la la la, fide ra la la la,<br \/>\nWi w\u00fcllt j\u00fcm dat Maulwark in Botter insmeern.  <\/p>\n<p><code><embed src=\"http:\/\/www.susannealbers.de\/music\/luttanna.mid\" width=\"100\" height=\"26\" autostart=\"false\"><\/code><\/p>\n<p>httpv:\/\/www.youtube.com\/watch?v=lbNXfh2Mjt8<\/p>\n","protected":false},"excerpt":{"rendered":"<p>L\u00fctt Anna Susanna Anna Susanna, stah op un b\u00f6\u00f6t F\u00fc\u00fcr! Och nee, mien leev Moder dat holt ist to d\u00fc\u00fcr. Fide ra la la la, fide ra la la la, Och nee, mien leev Moder dat holt ist to d\u00fc\u00fcr. 2. Sch\u00fc\u00fcr mi den Grapen und feeg mi dat Huus, H\u00fc\u00fct Avend kaamt dree Jungesellen &hellip; <\/p>\n<p class=\"link-more\"><a href=\"https:\/\/susannealbers.de\/blog\/2010\/10\/11\/lutt-anna-susanna\/\" class=\"more-link\">Continue reading<span class=\"screen-reader-text\"> &#8220;L\u00fctt Anna Susanna&#8221;<\/span><\/a><\/p>\n","protected":false},"author":1,"featured_media":0,"comment_status":"open","ping_status":"open","sticky":false,"template":"","format":"standard","meta":{"footnotes":""},"categories":[1],"tags":[1020,1934,270],"class_list":["post-1938","post","type-post","status-publish","format-standard","hentry","category-allgemein","tag-lied","tag-lutt-anna-susanna","tag-plattdeutsch"],"_links":{"self":[{"href":"https:\/\/susannealbers.de\/blog\/wp-json\/wp\/v2\/posts\/1938","targetHints":{"allow":["GET"]}}],"collection":[{"href":"https:\/\/susannealbers.de\/blog\/wp-json\/wp\/v2\/posts"}],"about":[{"href":"https:\/\/susannealbers.de\/blog\/wp-json\/wp\/v2\/types\/post"}],"author":[{"embeddable":true,"href":"https:\/\/susannealbers.de\/blog\/wp-json\/wp\/v2\/users\/1"}],"replies":[{"embeddable":true,"href":"https:\/\/susannealbers.de\/blog\/wp-json\/wp\/v2\/comments?post=1938"}],"version-history":[{"count":9,"href":"https:\/\/susannealbers.de\/blog\/wp-json\/wp\/v2\/posts\/1938\/revisions"}],"predecessor-version":[{"id":3825,"href":"https:\/\/susannealbers.de\/blog\/wp-json\/wp\/v2\/posts\/1938\/revisions\/3825"}],"wp:attachment":[{"href":"https:\/\/susannealbers.de\/blog\/wp-json\/wp\/v2\/media?parent=1938"}],"wp:term":[{"taxonomy":"category","embeddable":true,"href":"https:\/\/susannealbers.de\/blog\/wp-json\/wp\/v2\/categories?post=1938"},{"taxonomy":"post_tag","embeddable":true,"href":"https:\/\/susannealbers.de\/blog\/wp-json\/wp\/v2\/tags?post=1938"}],"curies":[{"name":"wp","href":"https:\/\/api.w.org\/{rel}","templated":true}]}}