{"id":1850,"date":"2010-08-06T08:19:07","date_gmt":"2010-08-06T07:19:07","guid":{"rendered":"http:\/\/susannealbers.de\/blog\/?p=1850"},"modified":"2010-08-06T08:20:57","modified_gmt":"2010-08-06T07:20:57","slug":"atomwaffeneinsatz-vor-65-jahren-gegen-hiroshima-und-nagasaki","status":"publish","type":"post","link":"https:\/\/susannealbers.de\/blog\/2010\/08\/06\/atomwaffeneinsatz-vor-65-jahren-gegen-hiroshima-und-nagasaki\/","title":{"rendered":"Atomwaffeneinsatz vor 65 Jahren gegen Hiroshima und Nagasaki"},"content":{"rendered":"<p><a href=\"https:\/\/susannealbers.de\/blog\/wp-content\/uploads\/2010\/08\/artilleryshell.jpg\"><img loading=\"lazy\" decoding=\"async\" src=\"https:\/\/susannealbers.de\/blog\/wp-content\/uploads\/2010\/08\/artilleryshell.jpg\" alt=\"artilleryshell\" title=\"artilleryshell\" width=\"470\" height=\"567\" class=\"alignleft size-full wp-image-1849\" srcset=\"https:\/\/susannealbers.de\/blog\/wp-content\/uploads\/2010\/08\/artilleryshell.jpg 470w, https:\/\/susannealbers.de\/blog\/wp-content\/uploads\/2010\/08\/artilleryshell-248x300.jpg 248w\" sizes=\"auto, (max-width: 470px) 100vw, 470px\" \/><\/a><\/p>\n<p>Atomwaffeneinsatz vor 65 Jahren gegen Hiroshima und Nagasaki<\/p>\n<p>Am 6. August 1945, also 21 Tage nach dem ersten erfolgreichen Test bei Alamogordo, warf der Bomber Enola Gay die erste Atombombe (Sprengstoff: Uran-235), Little Boy genannt, \u00fcber der K\u00fcstenstadt Hiroshima ab, wo sie um 8.16 Uhr Ortszeit in etwa 600 m H\u00f6he \u00fcber dem Boden detonierte. Rund 90.000 Menschen starben sofort, weitere 50.000 Menschen starben Jahre bis Jahrzehnte sp\u00e4ter an der Strahlenkrankheit.<\/p>\n<p>Am 9. August 1945 sollte der Bomber Bockscar die zweite Atombombe (Sprengstoff: Plutonium-239), Fat Man genannt, eigentlich \u00fcber Kokura abwerfen. Als dort auch nach drei Anfl\u00fcgen noch schlechte Sicht herrschte, wich der Kommandant aufgrund Treibstoffmangels auf das Alternativziel, die K\u00fcstenstadt Nagasaki, aus. Da auch dort die Wolkendecke zu dicht war, wurde das Stadtzentrum um mehrere Kilometer verfehlt. Weil zudem das Stadtgebiet h\u00fcgeliger als das Hiroshimas ist, was die Ausbreitung der Druckwelle behinderte, waren dort weniger Opfer zu beklagen &#8211; obwohl Fat Mans Sprengkraft rund doppelt so stark war wie die Little Boys. Dennoch kamen bei diesem Angriff 36.000 Menschen sofort ums Leben, weitere 40.000 Menschen wurden so stark verstrahlt, dass sie Jahre bis Jahrzehnte sp\u00e4ter starben.<\/p>\n<p>Die milit\u00e4rische Notwendigkeit des Atombombeneinsatzes ist umstritten, denn diesen zwei St\u00e4dten wurde der Angriff mit konventionellen (Brand-)Bomben bis zuletzt erspart, um dann den Effekt einer nuklearen Explosion auf eine Gro\u00dfstadt testen zu k\u00f6nnen. Zudem gibt es Hinweise darauf, dass der japanische Kaiser zum Zeitpunkt des atomaren Angriffs schon zu einer Aufgabe bereit war. Weiterhin muss der Atombombeneinsatz auf Hiroshima und Nagasaki mit der Bombardierung von Tokio verglichen werden. Dort starben w\u00e4hrend der Nacht vom 9. M\u00e4rz 1945 mehr als 100.000 Menschen. Die Legimit\u00e4t des Atombombeneinsatzes steht und f\u00e4llt also mit jener des konventionellen Bombenkriegs.<\/p>\n<p>Noch heute wird j\u00e4hrlich der tausenden Opfer gedacht. Als Symbol f\u00fcr den Frieden werden dabei einige wei\u00dfe Tauben fliegen gelassen. Quelle: <a target=\"_blank\" href=\"http:\/\/de.wikipedia.org\/wiki\/Nuklearwaffe\">Wikipedia Nuklearwaffe<\/a><\/p>\n<p><a href=\"https:\/\/susannealbers.de\/blog\/wp-content\/uploads\/2010\/08\/hiroshima_davor_und_danach.jpg\"><img loading=\"lazy\" decoding=\"async\" src=\"https:\/\/susannealbers.de\/blog\/wp-content\/uploads\/2010\/08\/hiroshima_davor_und_danach.jpg\" alt=\"hiroshima_davor_und_danach\" title=\"hiroshima_davor_und_danach\" width=\"400\" height=\"323\" class=\"alignleft size-full wp-image-1848\" srcset=\"https:\/\/susannealbers.de\/blog\/wp-content\/uploads\/2010\/08\/hiroshima_davor_und_danach.jpg 400w, https:\/\/susannealbers.de\/blog\/wp-content\/uploads\/2010\/08\/hiroshima_davor_und_danach-300x242.jpg 300w\" sizes=\"auto, (max-width: 400px) 100vw, 400px\" \/><\/a><\/p>\n<p>Beschreibung: Epizentrum in Hiroshima vor (oben) und unmittelbar nach der Explosion der Atombombe (unten) (Zusammenstellung aus zwei Modellen im Atombombenmuseum von Hiroshima)<br \/>\nQuelle: Selbst fotografiert am 24.12.2003, eigenh\u00e4ndige Bearbeitung<br \/>\nFotograf: Marcus Ti\u00e8schky<\/p>\n<p><a href=\"http:\/\/www.susannealbers.de\/music\/Kirche-Trio_con_Brio_of_Mornington-Dona_Nobis_Pacem.mp3\">Dona Nobis Pacem<\/a><\/p>\n<p>Solange die Dummheit regiert, kann die Weltbev\u00f6lkerung  schneller abnehmen, als Du denkst. <\/p>\n","protected":false},"excerpt":{"rendered":"<p>Atomwaffeneinsatz vor 65 Jahren gegen Hiroshima und Nagasaki Am 6. August 1945, also 21 Tage nach dem ersten erfolgreichen Test bei Alamogordo, warf der Bomber Enola Gay die erste Atombombe (Sprengstoff: Uran-235), Little Boy genannt, \u00fcber der K\u00fcstenstadt Hiroshima ab, wo sie um 8.16 Uhr Ortszeit in etwa 600 m H\u00f6he \u00fcber dem Boden detonierte. &hellip; <\/p>\n<p class=\"link-more\"><a href=\"https:\/\/susannealbers.de\/blog\/2010\/08\/06\/atomwaffeneinsatz-vor-65-jahren-gegen-hiroshima-und-nagasaki\/\" class=\"more-link\">Continue reading<span class=\"screen-reader-text\"> &#8220;Atomwaffeneinsatz vor 65 Jahren gegen Hiroshima und Nagasaki&#8221;<\/span><\/a><\/p>\n","protected":false},"author":1,"featured_media":0,"comment_status":"open","ping_status":"open","sticky":false,"template":"","format":"standard","meta":{"footnotes":""},"categories":[1],"tags":[1881,1879,1884,1882,1885,1883,1880],"class_list":["post-1850","post","type-post","status-publish","format-standard","hentry","category-allgemein","tag-6-august-1945","tag-atomwaffen","tag-fat-man","tag-hiroshima","tag-little-boy","tag-nagasaki","tag-nuklearwaffen"],"_links":{"self":[{"href":"https:\/\/susannealbers.de\/blog\/wp-json\/wp\/v2\/posts\/1850","targetHints":{"allow":["GET"]}}],"collection":[{"href":"https:\/\/susannealbers.de\/blog\/wp-json\/wp\/v2\/posts"}],"about":[{"href":"https:\/\/susannealbers.de\/blog\/wp-json\/wp\/v2\/types\/post"}],"author":[{"embeddable":true,"href":"https:\/\/susannealbers.de\/blog\/wp-json\/wp\/v2\/users\/1"}],"replies":[{"embeddable":true,"href":"https:\/\/susannealbers.de\/blog\/wp-json\/wp\/v2\/comments?post=1850"}],"version-history":[{"count":4,"href":"https:\/\/susannealbers.de\/blog\/wp-json\/wp\/v2\/posts\/1850\/revisions"}],"predecessor-version":[{"id":1854,"href":"https:\/\/susannealbers.de\/blog\/wp-json\/wp\/v2\/posts\/1850\/revisions\/1854"}],"wp:attachment":[{"href":"https:\/\/susannealbers.de\/blog\/wp-json\/wp\/v2\/media?parent=1850"}],"wp:term":[{"taxonomy":"category","embeddable":true,"href":"https:\/\/susannealbers.de\/blog\/wp-json\/wp\/v2\/categories?post=1850"},{"taxonomy":"post_tag","embeddable":true,"href":"https:\/\/susannealbers.de\/blog\/wp-json\/wp\/v2\/tags?post=1850"}],"curies":[{"name":"wp","href":"https:\/\/api.w.org\/{rel}","templated":true}]}}