{"id":1718,"date":"2010-05-06T18:38:44","date_gmt":"2010-05-06T17:38:44","guid":{"rendered":"http:\/\/susannealbers.de\/blog\/?p=1718"},"modified":"2010-05-07T14:28:31","modified_gmt":"2010-05-07T13:28:31","slug":"antibabypille-wird-50-jahre-alt","status":"publish","type":"post","link":"https:\/\/susannealbers.de\/blog\/2010\/05\/06\/antibabypille-wird-50-jahre-alt\/","title":{"rendered":"Antibabypille wird 50 Jahre alt"},"content":{"rendered":"<p><a href=\"https:\/\/susannealbers.de\/blog\/wp-content\/uploads\/2010\/05\/plaquettes_de_pilule.jpg\"><img loading=\"lazy\" decoding=\"async\" src=\"https:\/\/susannealbers.de\/blog\/wp-content\/uploads\/2010\/05\/plaquettes_de_pilule.jpg\" alt=\"plaquettes_de_pilule\" title=\"plaquettes_de_pilule\" width=\"180\" height=\"141\" class=\"aligncenter size-full wp-image-1717\" \/><\/a><\/p>\n<p>Vor 50 Jahren, im Sommer 1960, wurde die Antibabypille offiziell als Verh\u00fctungsmittel auf dem US-Markt vorgestellt. Am 1. Juni 1961 kam der Verkaufsschlager nach Deutschland. Der Antibabypille vertrauen weltweit 100 Millionen Frauen. Die Pille wird als Befreiung der Frau gefeiert. \u201eIch habe die Pille als ungeheure Befreiung empfunden\u201c, sagte die Publizistin Alice Schwarzer&#8230;.<br \/>\n<a target=\"_blank\" href=\"http:\/\/www.focus.de\/gesundheit\/gesundheits-news\/jubilaeum-herzlichen-glueckwunsch-antibabypille_aid_505564.html\">Focus Artikel<\/a><\/p>\n<p>Die Entwicklung der Pille:<br \/>\nhttpv:\/\/www.youtube.com\/watch?v=ooejHfME898<\/p>\n<p>Jetzt schauen wir mal, wie der Papst auf die Pille reagierte:<\/p>\n<p>ENZYKLIKA PAPST PAULS VI. \u00dcBER DIE RECHTE ORDNUNG DER WEITERGABE MENSCHLICHEN LEBENS<\/p>\n<p>&#8220;Humanae vitae&#8221; 25. Juli 1968<br \/>\n&#8230;<br \/>\nUnerlaubte Wege der Geburtenregelung<\/p>\n<p>14. Gem\u00e4\u00df diesen fundamentalen Grunds\u00e4tzen menschlicher und christlicher Eheauffassung m\u00fcssen Wir noch einmal \u00f6ffentlich erkl\u00e4ren: Der direkte Abbruch einer begonnenen Zeugung, vor allem die direkte Abtreibung &#8211; auch wenn zu Heilzwecken vorgenommen -, sind kein rechtm\u00e4\u00dfiger Weg, die Zahl der Kinder zu beschr\u00e4nken, und daher absolut zu verwerfen14.<\/p>\n<p>Gleicherweise mu\u00df, wie das kirchliche Lehramt des \u00f6fteren dargetan hat, die direkte, dauernde oder zeitlich begrenzte Sterilisierung des Mannes oder der Frau verurteilt werden15.<\/p>\n<p>Ebenso ist jede Handlung verwerflich, die entweder in Voraussicht oder w\u00e4hrend des Vollzugs des ehelichen Aktes oder im Anschlu\u00df an ihn beim Ablauf seiner nat\u00fcrlichen Auswirkungen darauf abstellt, die Fortpflanzung zu verhindern, sei es als Ziel, sei es als Mittel zum Ziel16.<\/p>\n<p>Man darf, um diese absichtlich unfruchtbar gemachten ehelichen Akte zu rechtfertigen, nicht als Argument geltend machen, man m\u00fcsse das \u00dcbel w\u00e4hlen, das als das weniger schwere erscheine; auch nicht, da\u00df solche Akte eine gewisse Einheit darstellen mit fr\u00fcheren oder nachfolgenden fruchtbaren Akten und deshalb an ihrer einen und gleichen Gutheit teilhaben. Wenn es auch zuweilen erlaubt ist, das kleinere sittliche \u00dcbel zu dulden, um ein gr\u00f6\u00dferes zu verhindern oder um etwas sittlich H\u00f6herwertiges zu f\u00f6rdern17, so ist es dennoch niemals erlaubt &#8211; auch aus noch so ernsten Gr\u00fcnden nicht -, B\u00f6ses zu tun um eines guten Zweckes willen18: das hei\u00dft etwas zu wollen, was seiner Natur nach die sittliche Ordnung verletzt und deshalb als des Menschen unw\u00fcrdig gelten mu\u00df; das gilt auch, wenn dies mit der Absicht geschieht, das Wohl des einzelnen, der Familie oder der menschlichen Gesellschaft zu sch\u00fctzen oder zu f\u00f6rdern. V\u00f6llig irrig ist deshalb die Meinung, ein absichtlich unfruchtbar gemachter und damit in sich unsittlicher ehelicher Akt k\u00f6nne durch die fruchtbaren ehelichen Akte des gesamtehelichen Lebens seine Rechtfertigung erhalten.<br \/>\n&#8230;<br \/>\n<a target=\"_blank\" href=\"http:\/\/www.stjosef.at\/dokumente\/humanae_vitae.htm\">gesamter Text der Enzyklika Humanae vitae<\/a><\/p>\n","protected":false},"excerpt":{"rendered":"<p>Vor 50 Jahren, im Sommer 1960, wurde die Antibabypille offiziell als Verh\u00fctungsmittel auf dem US-Markt vorgestellt. Am 1. Juni 1961 kam der Verkaufsschlager nach Deutschland. Der Antibabypille vertrauen weltweit 100 Millionen Frauen. Die Pille wird als Befreiung der Frau gefeiert. \u201eIch habe die Pille als ungeheure Befreiung empfunden\u201c, sagte die Publizistin Alice Schwarzer&#8230;. Focus Artikel &hellip; <\/p>\n<p class=\"link-more\"><a href=\"https:\/\/susannealbers.de\/blog\/2010\/05\/06\/antibabypille-wird-50-jahre-alt\/\" class=\"more-link\">Continue reading<span class=\"screen-reader-text\"> &#8220;Antibabypille wird 50 Jahre alt&#8221;<\/span><\/a><\/p>\n","protected":false},"author":1,"featured_media":0,"comment_status":"open","ping_status":"open","sticky":false,"template":"","format":"standard","meta":{"footnotes":""},"categories":[1],"tags":[1793,1795,1791,1798,1792,1797,250,1794,1796],"class_list":["post-1718","post","type-post","status-publish","format-standard","hentry","category-allgemein","tag-50-jahre","tag-alice-schwarzer","tag-anitbabypille","tag-entwicklung-der-pille","tag-enzyklika-humanae-vitae","tag-geburtenregelung","tag-papst","tag-pille","tag-schering"],"_links":{"self":[{"href":"https:\/\/susannealbers.de\/blog\/wp-json\/wp\/v2\/posts\/1718","targetHints":{"allow":["GET"]}}],"collection":[{"href":"https:\/\/susannealbers.de\/blog\/wp-json\/wp\/v2\/posts"}],"about":[{"href":"https:\/\/susannealbers.de\/blog\/wp-json\/wp\/v2\/types\/post"}],"author":[{"embeddable":true,"href":"https:\/\/susannealbers.de\/blog\/wp-json\/wp\/v2\/users\/1"}],"replies":[{"embeddable":true,"href":"https:\/\/susannealbers.de\/blog\/wp-json\/wp\/v2\/comments?post=1718"}],"version-history":[{"count":3,"href":"https:\/\/susannealbers.de\/blog\/wp-json\/wp\/v2\/posts\/1718\/revisions"}],"predecessor-version":[{"id":1721,"href":"https:\/\/susannealbers.de\/blog\/wp-json\/wp\/v2\/posts\/1718\/revisions\/1721"}],"wp:attachment":[{"href":"https:\/\/susannealbers.de\/blog\/wp-json\/wp\/v2\/media?parent=1718"}],"wp:term":[{"taxonomy":"category","embeddable":true,"href":"https:\/\/susannealbers.de\/blog\/wp-json\/wp\/v2\/categories?post=1718"},{"taxonomy":"post_tag","embeddable":true,"href":"https:\/\/susannealbers.de\/blog\/wp-json\/wp\/v2\/tags?post=1718"}],"curies":[{"name":"wp","href":"https:\/\/api.w.org\/{rel}","templated":true}]}}