{"id":1510,"date":"2010-04-07T22:14:36","date_gmt":"2010-04-07T21:14:36","guid":{"rendered":"http:\/\/susannealbers.de\/blog\/?p=1510"},"modified":"2010-04-07T22:14:36","modified_gmt":"2010-04-07T21:14:36","slug":"berliner-unterwelten","status":"publish","type":"post","link":"https:\/\/susannealbers.de\/blog\/2010\/04\/07\/berliner-unterwelten\/","title":{"rendered":"Berliner Unterwelten"},"content":{"rendered":"<p><a href=\"https:\/\/susannealbers.de\/blog\/wp-content\/uploads\/2010\/04\/kanaldeckel.jpg\"><img loading=\"lazy\" decoding=\"async\" src=\"https:\/\/susannealbers.de\/blog\/wp-content\/uploads\/2010\/04\/kanaldeckel.jpg\" alt=\"kanaldeckel\" title=\"kanaldeckel\" width=\"470\" height=\"470\" class=\"aligncenter size-full wp-image-1509\" srcset=\"https:\/\/susannealbers.de\/blog\/wp-content\/uploads\/2010\/04\/kanaldeckel.jpg 470w, https:\/\/susannealbers.de\/blog\/wp-content\/uploads\/2010\/04\/kanaldeckel-150x150.jpg 150w, https:\/\/susannealbers.de\/blog\/wp-content\/uploads\/2010\/04\/kanaldeckel-300x300.jpg 300w\" sizes=\"auto, (max-width: 470px) 100vw, 470px\" \/><\/a><\/p>\n<p>Dieser Kanaldeckel steht f\u00fcr mich symbolisch f\u00fcr Berlins Unterwelten, einen tollen Verein hier in Berlin.<\/p>\n<p>Berlin ist auf Sand gebaut <\/p>\n<p>Umso gewichtiger erscheint daher die Frage, warum sich ausgerechnet in der \u201eM\u00e4rkischen Streusandb\u00fcchse\u201c, die doch traditionell eigentlich eher eine Armenkammer gewesen ist, aus einem kleinen, unbedeutenden Fischerdorfe die heutzutage \u2013 mit Abstand \u2013 gr\u00f6\u00dfte deutsche Metropole hat entwickeln k\u00f6nnen. Noch erstaunlicher wird es, wenn man bedenkt, dass sich dieser Prozess eigentlich nur dadurch erkl\u00e4ren l\u00e4sst, wenn man nachvollzieht, wie der sandig-moorige Untergrund zunehmend f\u00fcr gro\u00dfst\u00e4dtische Versorgungssysteme, ob nun die Kanalisation, die Gas-, Wasser- und Stromleitungen oder der \u00f6ffentliche Nahverkehr, nutzbar gemacht werden konnte.<\/p>\n<p>Der Verein Berliner Unterwelten e.V. erforscht und dokumentiert diese Zusammenh\u00e4nge. 1997 ist er als ein Zusammenschluss von Menschen aus den unterschiedlichsten Lebensbereichen begr\u00fcndet worden. Es fanden sich Akademiker (Architekten, Historiker, Juristen, Kunsthistoriker, \u00d6konomen, Stadt- und Regionalplaner, Studenten aller Fachrichtungen) ein, aber auch Handwerker, Justizbeamte, Lehrer, Pension\u00e4re, Polizisten, Rentner, Sch\u00fcler und viele andere. Jeder von ihnen kann, darf und soll seine bzw. ihre jeweiligen individuellen F\u00e4higkeiten und Talente einbringen, um diesem ambitionierten Projekt auf die Spr\u00fcnge zu helfen. Denn mit dem Forschungsschwerpunkt des \u201eBerliner Untergrundes\u201c ist der Verein offenkundig auf ein bis dahin noch weitgehend brachliegendes Terrain gesto\u00dfen. Das zeigt sich auch an der sehr guten Resonanz auf die durch Vereinsmitglieder geschriebenen B\u00fccher, die zum Teil bereits in mehrfacher Auflage erschienen sind.<\/p>\n<p>F\u00fcr seine Verdienste im Denkmalschutz erh\u00e4lt der Verein am 13. November 2006 die \u201eSilberne Halbkugel\u201c. Es handelt sich um die h\u00f6chste Auszeichnung, die in diesem Bereich in der Bundesrepublik Deutschland vergeben wird. <\/p>\n<p><a target=\"_blank\" href=\"http:\/\/berliner-unterwelten.de\/\">Berliner Unterwelten<\/a><\/p>\n","protected":false},"excerpt":{"rendered":"<p>Dieser Kanaldeckel steht f\u00fcr mich symbolisch f\u00fcr Berlins Unterwelten, einen tollen Verein hier in Berlin. Berlin ist auf Sand gebaut Umso gewichtiger erscheint daher die Frage, warum sich ausgerechnet in der \u201eM\u00e4rkischen Streusandb\u00fcchse\u201c, die doch traditionell eigentlich eher eine Armenkammer gewesen ist, aus einem kleinen, unbedeutenden Fischerdorfe die heutzutage \u2013 mit Abstand \u2013 gr\u00f6\u00dfte deutsche &hellip; <\/p>\n<p class=\"link-more\"><a href=\"https:\/\/susannealbers.de\/blog\/2010\/04\/07\/berliner-unterwelten\/\" class=\"more-link\">Continue reading<span class=\"screen-reader-text\"> &#8220;Berliner Unterwelten&#8221;<\/span><\/a><\/p>\n","protected":false},"author":1,"featured_media":0,"comment_status":"open","ping_status":"open","sticky":false,"template":"","format":"standard","meta":{"footnotes":""},"categories":[1],"tags":[20,1548,1547,231,1549,1546,1545],"class_list":["post-1510","post","type-post","status-publish","format-standard","hentry","category-allgemein","tag-berlin","tag-bunker","tag-kanaldeckel","tag-mauer","tag-silberne-halbkugel","tag-unterwelt","tag-unterwelten"],"_links":{"self":[{"href":"https:\/\/susannealbers.de\/blog\/wp-json\/wp\/v2\/posts\/1510","targetHints":{"allow":["GET"]}}],"collection":[{"href":"https:\/\/susannealbers.de\/blog\/wp-json\/wp\/v2\/posts"}],"about":[{"href":"https:\/\/susannealbers.de\/blog\/wp-json\/wp\/v2\/types\/post"}],"author":[{"embeddable":true,"href":"https:\/\/susannealbers.de\/blog\/wp-json\/wp\/v2\/users\/1"}],"replies":[{"embeddable":true,"href":"https:\/\/susannealbers.de\/blog\/wp-json\/wp\/v2\/comments?post=1510"}],"version-history":[{"count":2,"href":"https:\/\/susannealbers.de\/blog\/wp-json\/wp\/v2\/posts\/1510\/revisions"}],"predecessor-version":[{"id":1512,"href":"https:\/\/susannealbers.de\/blog\/wp-json\/wp\/v2\/posts\/1510\/revisions\/1512"}],"wp:attachment":[{"href":"https:\/\/susannealbers.de\/blog\/wp-json\/wp\/v2\/media?parent=1510"}],"wp:term":[{"taxonomy":"category","embeddable":true,"href":"https:\/\/susannealbers.de\/blog\/wp-json\/wp\/v2\/categories?post=1510"},{"taxonomy":"post_tag","embeddable":true,"href":"https:\/\/susannealbers.de\/blog\/wp-json\/wp\/v2\/tags?post=1510"}],"curies":[{"name":"wp","href":"https:\/\/api.w.org\/{rel}","templated":true}]}}