{"id":1462,"date":"2010-03-25T02:07:46","date_gmt":"2010-03-25T01:07:46","guid":{"rendered":"http:\/\/susannealbers.de\/blog\/?p=1462"},"modified":"2010-03-25T02:07:47","modified_gmt":"2010-03-25T01:07:47","slug":"fruhling","status":"publish","type":"post","link":"https:\/\/susannealbers.de\/blog\/2010\/03\/25\/fruhling\/","title":{"rendered":"Fr\u00fchling"},"content":{"rendered":"<p><a href=\"https:\/\/susannealbers.de\/blog\/wp-content\/uploads\/2010\/03\/sommer.gif\"><img loading=\"lazy\" decoding=\"async\" src=\"https:\/\/susannealbers.de\/blog\/wp-content\/uploads\/2010\/03\/sommer.gif\" alt=\"sommer\" title=\"sommer\" width=\"200\" height=\"200\" class=\"aligncenter size-full wp-image-1461\" srcset=\"https:\/\/susannealbers.de\/blog\/wp-content\/uploads\/2010\/03\/sommer.gif 200w, https:\/\/susannealbers.de\/blog\/wp-content\/uploads\/2010\/03\/sommer-150x150.gif 150w\" sizes=\"auto, (max-width: 200px) 100vw, 200px\" \/><\/a><\/p>\n<p>Endlich ist der Fr\u00fchling da. \u00dcberall, wo man hinblickt findet in den G\u00e4rten ein reges Treiben statt. Mein Vater berichtete, da\u00df die Nachbarn nur noch am s\u00e4en, pflanzen und rechen sind. Es wird auch langsam mal Zeit. Schlu\u00df mit dem f\u00fcrchterlichen Winterwetter. Wie auf der Animation ersichtlich, braucht es ja alles noch ein wenig Zeit, bis die wunderbaren K\u00f6stlichkeiten gewachsen sind.<\/p>\n<p>Fr\u00fchling<\/p>\n<p>Fr\u00fchling l\u00e4\u00dft sein blaues Band<br \/>\nWieder flattern durch die L\u00fcfte<br \/>\nS\u00fc\u00dfe, wohlbekannte D\u00fcfte<br \/>\nStreifen ahnungsvoll das Land<br \/>\nVeilchen tr\u00e4umen schon,<br \/>\nWollen balde kommen<br \/>\nHorch, von fern ein leiser Harfenton!<br \/>\nFr\u00fchling, ja du bist&#8217;s!<br \/>\nDich hab ich vernommen!<\/p>\n<p>Eduard M\u00f6rike<br \/>\n&#8212;&#8212;&#8212;&#8212;&#8211;<br \/>\nFr\u00fchlings Ankunft<\/p>\n<p>Gr\u00fcner Schimmer spielet wieder<br \/>\nDr\u00fcben \u00fcber Wies&#8217; und Feld.<br \/>\nFrohe Hoffnung senkt sich nieder<br \/>\nAuf die stumme tr\u00fcbe Welt.<br \/>\nJa, nach langen Winterleiden<br \/>\nKehrt der Fr\u00fchling uns zur\u00fcck,<br \/>\nWill die Welt in Freude kleiden,<br \/>\nWill uns bringen neues Gl\u00fcck.<\/p>\n<p>Seht, ein Schmetterling als Bote<br \/>\nZieht einher in Fr\u00fchlingstracht,<br \/>\nMeldet uns, dass alles Tote<br \/>\nNun zum Leben auferwacht.<br \/>\nNur die Veilchen sch\u00fcchtern wagen<br \/>\nAufzuschau&#8217;n zum Sonnenschein;<br \/>\nIst es doch, als ob sie fragen:<br \/>\n\u00bbSollt&#8217; es denn schon Fr\u00fchling sein?\u00ab<\/p>\n<p>Seht, wie sich die Lerchen schwingen<br \/>\nIn das blaue Himmelszelt!<br \/>\nWie sie schwirren, wie sie singen<br \/>\n\u00dcber uns herab ins Feld!<br \/>\nAlles Leid entflieht auf Erden<br \/>\nVor des Fr\u00fchlings Freud&#8217; und Lust &#8211;<br \/>\nNun, so soll&#8217;s auch Fr\u00fchling werden,<br \/>\nFr\u00fchling auch in unsrer Brust!<\/p>\n<p>August Heinrich Hoffmann von Fallersleben<br \/>\n(1798 &#8211; 1874)<\/p>\n","protected":false},"excerpt":{"rendered":"<p>Endlich ist der Fr\u00fchling da. \u00dcberall, wo man hinblickt findet in den G\u00e4rten ein reges Treiben statt. Mein Vater berichtete, da\u00df die Nachbarn nur noch am s\u00e4en, pflanzen und rechen sind. Es wird auch langsam mal Zeit. Schlu\u00df mit dem f\u00fcrchterlichen Winterwetter. Wie auf der Animation ersichtlich, braucht es ja alles noch ein wenig Zeit, &hellip; <\/p>\n<p class=\"link-more\"><a href=\"https:\/\/susannealbers.de\/blog\/2010\/03\/25\/fruhling\/\" class=\"more-link\">Continue reading<span class=\"screen-reader-text\"> &#8220;Fr\u00fchling&#8221;<\/span><\/a><\/p>\n","protected":false},"author":1,"featured_media":0,"comment_status":"open","ping_status":"open","sticky":false,"template":"","format":"standard","meta":{"footnotes":""},"categories":[1],"tags":[1513,1510,1512,1506,1509,1511,1508,1507],"class_list":["post-1462","post","type-post","status-publish","format-standard","hentry","category-allgemein","tag-august-heinrich-hoffmann-von-fallersleben","tag-bluten","tag-eduard-morike","tag-fruhling","tag-knospen","tag-krokusse","tag-pflanzen","tag-saen"],"_links":{"self":[{"href":"https:\/\/susannealbers.de\/blog\/wp-json\/wp\/v2\/posts\/1462","targetHints":{"allow":["GET"]}}],"collection":[{"href":"https:\/\/susannealbers.de\/blog\/wp-json\/wp\/v2\/posts"}],"about":[{"href":"https:\/\/susannealbers.de\/blog\/wp-json\/wp\/v2\/types\/post"}],"author":[{"embeddable":true,"href":"https:\/\/susannealbers.de\/blog\/wp-json\/wp\/v2\/users\/1"}],"replies":[{"embeddable":true,"href":"https:\/\/susannealbers.de\/blog\/wp-json\/wp\/v2\/comments?post=1462"}],"version-history":[{"count":6,"href":"https:\/\/susannealbers.de\/blog\/wp-json\/wp\/v2\/posts\/1462\/revisions"}],"predecessor-version":[{"id":1468,"href":"https:\/\/susannealbers.de\/blog\/wp-json\/wp\/v2\/posts\/1462\/revisions\/1468"}],"wp:attachment":[{"href":"https:\/\/susannealbers.de\/blog\/wp-json\/wp\/v2\/media?parent=1462"}],"wp:term":[{"taxonomy":"category","embeddable":true,"href":"https:\/\/susannealbers.de\/blog\/wp-json\/wp\/v2\/categories?post=1462"},{"taxonomy":"post_tag","embeddable":true,"href":"https:\/\/susannealbers.de\/blog\/wp-json\/wp\/v2\/tags?post=1462"}],"curies":[{"name":"wp","href":"https:\/\/api.w.org\/{rel}","templated":true}]}}